{"id":5853,"date":"2017-03-24T16:56:14","date_gmt":"2017-03-24T15:56:14","guid":{"rendered":"https:\/\/physik.nawi.at\/?p=5853"},"modified":"2017-03-28T14:36:01","modified_gmt":"2017-03-28T12:36:01","slug":"zimmer-frei-von-vorurteilen","status":"publish","type":"post","link":"https:\/\/physik.nawi.at\/index.php\/zimmer-frei-von-vorurteilen\/","title":{"rendered":"ZIMMER FREI von Vorurteilen?"},"content":{"rendered":"<p>Warum k\u00f6nnen gefl\u00fcchtete Menschen in \u00d6sterreich\u00a0nicht einfach in WGs* wohnen statt in Massenunterk\u00fcnften?!<\/p>\n<p>Das haben sich die Leute von Fl\u00fcchtlinge Willkommen auch gefragt &amp; einen Weg gefunden, das m\u00f6glich zu machen:<\/p>\n<p><a href=\"https:\/\/www.fluechtlinge-willkommen.at\">http:\/\/www.fluechtlinge-willkommen.at<\/a><\/p>\n","protected":false},"excerpt":{"rendered":"<p>Warum k\u00f6nnen gefl\u00fcchtete Menschen in \u00d6sterreich\u00a0nicht einfach in WGs* wohnen statt in Massenunterk\u00fcnften?! Das haben sich die Leute von Fl\u00fcchtlinge Willkommen auch gefragt &amp; einen Weg gefunden, das m\u00f6glich zu machen: http:\/\/www.fluechtlinge-willkommen.at<\/p>\n","protected":false},"author":48,"featured_media":5854,"comment_status":"open","ping_status":"open","sticky":false,"template":"","format":"standard","meta":{"wds_primary_category":0,"_wpscppro_dont_share_socialmedia":false,"_wpscppro_custom_social_share_image":0,"_facebook_share_type":"","_twitter_share_type":"","_linkedin_share_type":"","_pinterest_share_type":"","_linkedin_share_type_page":"","_instagram_share_type":"","_medium_share_type":"","_threads_share_type":"","_google_business_share_type":"","_selected_social_profile":[],"_wpsp_enable_custom_social_template":false,"_wpsp_social_scheduling":{"enabled":false,"datetime":null,"platforms":[],"status":"template_only","dateOption":"today","timeOption":"now","customDays":"","customHours":"","customDate":"","customTime":"","schedulingType":"absolute"},"_wpsp_active_default_template":true},"categories":[20],"tags":[],"_links":{"self":[{"href":"https:\/\/physik.nawi.at\/index.php\/wp-json\/wp\/v2\/posts\/5853"}],"collection":[{"href":"https:\/\/physik.nawi.at\/index.php\/wp-json\/wp\/v2\/posts"}],"about":[{"href":"https:\/\/physik.nawi.at\/index.php\/wp-json\/wp\/v2\/types\/post"}],"author":[{"embeddable":true,"href":"https:\/\/physik.nawi.at\/index.php\/wp-json\/wp\/v2\/users\/48"}],"replies":[{"embeddable":true,"href":"https:\/\/physik.nawi.at\/index.php\/wp-json\/wp\/v2\/comments?post=5853"}],"version-history":[{"count":0,"href":"https:\/\/physik.nawi.at\/index.php\/wp-json\/wp\/v2\/posts\/5853\/revisions"}],"wp:featuredmedia":[{"embeddable":true,"href":"https:\/\/physik.nawi.at\/index.php\/wp-json\/wp\/v2\/media\/5854"}],"wp:attachment":[{"href":"https:\/\/physik.nawi.at\/index.php\/wp-json\/wp\/v2\/media?parent=5853"}],"wp:term":[{"taxonomy":"category","embeddable":true,"href":"https:\/\/physik.nawi.at\/index.php\/wp-json\/wp\/v2\/categories?post=5853"},{"taxonomy":"post_tag","embeddable":true,"href":"https:\/\/physik.nawi.at\/index.php\/wp-json\/wp\/v2\/tags?post=5853"}],"curies":[{"name":"wp","href":"https:\/\/api.w.org\/{rel}","templated":true}]}}