{"id":5651,"date":"2017-02-27T09:00:39","date_gmt":"2017-02-27T08:00:39","guid":{"rendered":"https:\/\/physik.nawi.at\/?p=5651"},"modified":"2017-02-27T09:00:39","modified_gmt":"2017-02-27T08:00:39","slug":"shut-up-and-contemplate-symposium-am-3-marz","status":"publish","type":"post","link":"https:\/\/physik.nawi.at\/index.php\/shut-up-and-contemplate-symposium-am-3-marz\/","title":{"rendered":"Shut Up and Contemplate! Symposium am 3. M\u00e4rz"},"content":{"rendered":"<p><img loading=\"lazy\" class=\"alignnone size-large wp-image-5467 lazyload\" data-src=\"https:\/\/physik.nawi.at\/wp-content\/uploads\/2017\/01\/contemplate_flyer_front-723x1024.png\" alt=\"\" width=\"474\" height=\"671\" data-srcset=\"https:\/\/physik.nawi.at\/wp-content\/uploads\/2017\/01\/contemplate_flyer_front-723x1024.png 723w, https:\/\/physik.nawi.at\/wp-content\/uploads\/2017\/01\/contemplate_flyer_front-212x300.png 212w, https:\/\/physik.nawi.at\/wp-content\/uploads\/2017\/01\/contemplate_flyer_front-768x1087.png 768w, https:\/\/physik.nawi.at\/wp-content\/uploads\/2017\/01\/contemplate_flyer_front.png 1684w\" data-sizes=\"(max-width: 474px) 100vw, 474px\" src=\"data:image\/gif;base64,R0lGODlhAQABAAAAACH5BAEKAAEALAAAAAABAAEAAAICTAEAOw==\" style=\"--smush-placeholder-width: 474px; --smush-placeholder-aspect-ratio: 474\/671;\" \/><noscript><img loading=\"lazy\" class=\"alignnone size-large wp-image-5467\" src=\"https:\/\/physik.nawi.at\/wp-content\/uploads\/2017\/01\/contemplate_flyer_front-723x1024.png\" alt=\"\" width=\"474\" height=\"671\" srcset=\"https:\/\/physik.nawi.at\/wp-content\/uploads\/2017\/01\/contemplate_flyer_front-723x1024.png 723w, https:\/\/physik.nawi.at\/wp-content\/uploads\/2017\/01\/contemplate_flyer_front-212x300.png 212w, https:\/\/physik.nawi.at\/wp-content\/uploads\/2017\/01\/contemplate_flyer_front-768x1087.png 768w, https:\/\/physik.nawi.at\/wp-content\/uploads\/2017\/01\/contemplate_flyer_front.png 1684w\" sizes=\"(max-width: 474px) 100vw, 474px\" \/><\/noscript><\/p>\n<p><span style=\"font-weight: 400;\">Das <strong>Shut up and Contemplate! Symposium<\/strong> ist eine \u00f6ffentliche und kostenlose Veranstaltung, welche eine Verbindung zwischen der Naturwissenschaft und ihrem philosophischen und sozio\u00f6konomischen Kontext schaffen m\u00f6chte.<\/span><\/p>\n<p><span style=\"font-weight: 400;\">Acht WissenschafterInnen werden Vortr\u00e4ge in englischer Sprache halten, deren Themen von Karl Poppers Wissenschaftstheorie \u00fcber die sozialen Auswirkungen der Forschung bis zum philosophischen Problem der Interpretation der Quantenmechanik reichen werden.<\/span><\/p>\n<p><span style=\"font-weight: 400;\">Weitere Informationen und Programm\u00a0<a href=\"http:\/\/shutupandcontemplatesymposium.wordpress.com\" target=\"_blank\">HIER<\/a>.<\/span><\/p>\n<p><strong>Ort &amp; Datum<\/strong><br \/>\n3. M\u00e4rz 2017, 9:00 \u2013 19:00<br \/>\nLise Meitner H\u00f6rsaal<br \/>\nFakult\u00e4t f\u00fcr Physik<br \/>\nUniversit\u00e4t Wien<br \/>\nStrudlhofgasse 4<br \/>\n1090 Vienna<\/p>\n<p><b><\/b><strong>Programm<br \/>\n<\/strong>09:00 Welcome and Introductory Remarks<br \/>\n09:15 Dean\u2019s introduction<\/p>\n<p>09:30 Elisabeth Nemeth: \u201eWhat is the role science can (and ought \u00a0to) play in democratic decision-making? Re-considering Otto Neurath\u2019s early views on science and society\u201c<\/p>\n<p>10:20 Christian Damb\u00f6ck: \u201eScience and Democracy. The non-cognitivist conceptions of Kelsen, Carnap, and Reichenbach\u201c<\/p>\n<p>11:05 Coffee Break<\/p>\n<p>11:20 Karl Milford: \u201eOn the importance of the problems of induction and demarcation\u201c<\/p>\n<p>12:10 Angelo Baracca: \u201eThe path of science towards increasing formalization and abstraction, and the roots of the \u201erevolution\u201c in physics of the early Twentieth century\u201c<\/p>\n<p>13:00 Lunch Break<\/p>\n<p>14:30 Maximilian Fochler: \u201eWhy don\u2019t we shut up and contemplate more? How social and organizational changes in science restrict researchers\u2018 space and capacity to reflect\u201c<\/p>\n<p>15:20 Reinhold Bertlmann: \u201eA nonlocal quantum engineer\u201c<\/p>\n<p>16:10 Coffee Break<\/p>\n<p>16:40 Caslav Brukner: \u201eThe Rashomon effect: when interpretations<br \/>\nof quantum theory disagree\u201c<\/p>\n<p>17:30 Concluding Remarks<\/p>\n","protected":false},"excerpt":{"rendered":"<p>Das Shut up and Contemplate! Symposium ist eine \u00f6ffentliche und kostenlose Veranstaltung, welche eine Verbindung zwischen der Naturwissenschaft und ihrem philosophischen und sozio\u00f6konomischen Kontext schaffen m\u00f6chte. Acht WissenschafterInnen werden Vortr\u00e4ge in englischer Sprache halten, deren Themen von Karl Poppers Wissenschaftstheorie \u00fcber die sozialen Auswirkungen der Forschung bis zum philosophischen Problem der Interpretation der Quantenmechanik reichen [&hellip;]<\/p>\n","protected":false},"author":24,"featured_media":0,"comment_status":"open","ping_status":"open","sticky":false,"template":"","format":"standard","meta":{"wds_primary_category":0,"_wpscppro_dont_share_socialmedia":false,"_wpscppro_custom_social_share_image":0,"_facebook_share_type":"","_twitter_share_type":"","_linkedin_share_type":"","_pinterest_share_type":"","_linkedin_share_type_page":"","_instagram_share_type":"","_medium_share_type":"","_threads_share_type":"","_google_business_share_type":"","_selected_social_profile":[],"_wpsp_enable_custom_social_template":false,"_wpsp_social_scheduling":{"enabled":false,"datetime":null,"platforms":[],"status":"template_only","dateOption":"today","timeOption":"now","customDays":"","customHours":"","customDate":"","customTime":"","schedulingType":"absolute"},"_wpsp_active_default_template":true},"categories":[40],"tags":[],"_links":{"self":[{"href":"https:\/\/physik.nawi.at\/index.php\/wp-json\/wp\/v2\/posts\/5651"}],"collection":[{"href":"https:\/\/physik.nawi.at\/index.php\/wp-json\/wp\/v2\/posts"}],"about":[{"href":"https:\/\/physik.nawi.at\/index.php\/wp-json\/wp\/v2\/types\/post"}],"author":[{"embeddable":true,"href":"https:\/\/physik.nawi.at\/index.php\/wp-json\/wp\/v2\/users\/24"}],"replies":[{"embeddable":true,"href":"https:\/\/physik.nawi.at\/index.php\/wp-json\/wp\/v2\/comments?post=5651"}],"version-history":[{"count":0,"href":"https:\/\/physik.nawi.at\/index.php\/wp-json\/wp\/v2\/posts\/5651\/revisions"}],"wp:attachment":[{"href":"https:\/\/physik.nawi.at\/index.php\/wp-json\/wp\/v2\/media?parent=5651"}],"wp:term":[{"taxonomy":"category","embeddable":true,"href":"https:\/\/physik.nawi.at\/index.php\/wp-json\/wp\/v2\/categories?post=5651"},{"taxonomy":"post_tag","embeddable":true,"href":"https:\/\/physik.nawi.at\/index.php\/wp-json\/wp\/v2\/tags?post=5651"}],"curies":[{"name":"wp","href":"https:\/\/api.w.org\/{rel}","templated":true}]}}