{"id":5461,"date":"2017-01-19T10:58:20","date_gmt":"2017-01-19T09:58:20","guid":{"rendered":"https:\/\/physik.nawi.at\/?p=5461"},"modified":"2017-01-19T10:58:51","modified_gmt":"2017-01-19T09:58:51","slug":"plancks-2017-nationale-vorausscheidung","status":"publish","type":"post","link":"https:\/\/physik.nawi.at\/index.php\/plancks-2017-nationale-vorausscheidung\/","title":{"rendered":"PLANCKS 2017 nationale Vorausscheidung"},"content":{"rendered":"<p>Die Anmeldung f\u00fcr die nationale Vorausscheidung l\u00e4uft noch bis 31 J\u00e4nner! Der Wettbewerb findet am Do 16.2 &amp;\u00a0 Fr 17.2 in Wien statt.<br \/>\nDem Siegerteam winkt eine Teilnahme f\u00fcr den internationalen Wettbewerb in Graz sowie ein kleines Preisgeld und B\u00fccher.<\/p>\n<p>Anmeldung und mehr Infos (z.B. Altfragen) unter:<\/p>\n<p><a href=\"http:\/\/national2017.plancks.at\/\">http:\/\/national2017.plancks.at\/<\/a><\/p>\n","protected":false},"excerpt":{"rendered":"<p>Die Anmeldung f\u00fcr die nationale Vorausscheidung l\u00e4uft noch bis 31 J\u00e4nner! Der Wettbewerb findet am Do 16.2 &amp;\u00a0 Fr 17.2 in Wien statt. Dem Siegerteam winkt eine Teilnahme f\u00fcr den internationalen Wettbewerb in Graz sowie ein kleines Preisgeld und B\u00fccher. Anmeldung und mehr Infos (z.B. Altfragen) unter: http:\/\/national2017.plancks.at\/<\/p>\n","protected":false},"author":18,"featured_media":0,"comment_status":"open","ping_status":"open","sticky":false,"template":"","format":"standard","meta":{"wds_primary_category":0,"_wpscppro_dont_share_socialmedia":false,"_wpscppro_custom_social_share_image":0,"_facebook_share_type":"","_twitter_share_type":"","_linkedin_share_type":"","_pinterest_share_type":"","_linkedin_share_type_page":"","_instagram_share_type":"","_medium_share_type":"","_threads_share_type":"","_google_business_share_type":"","_selected_social_profile":[],"_wpsp_enable_custom_social_template":false,"_wpsp_social_scheduling":{"enabled":false,"datetime":null,"platforms":[],"status":"template_only","dateOption":"today","timeOption":"now","customDays":"","customHours":"","customDate":"","customTime":"","schedulingType":"absolute"},"_wpsp_active_default_template":true},"categories":[20],"tags":[],"_links":{"self":[{"href":"https:\/\/physik.nawi.at\/index.php\/wp-json\/wp\/v2\/posts\/5461"}],"collection":[{"href":"https:\/\/physik.nawi.at\/index.php\/wp-json\/wp\/v2\/posts"}],"about":[{"href":"https:\/\/physik.nawi.at\/index.php\/wp-json\/wp\/v2\/types\/post"}],"author":[{"embeddable":true,"href":"https:\/\/physik.nawi.at\/index.php\/wp-json\/wp\/v2\/users\/18"}],"replies":[{"embeddable":true,"href":"https:\/\/physik.nawi.at\/index.php\/wp-json\/wp\/v2\/comments?post=5461"}],"version-history":[{"count":0,"href":"https:\/\/physik.nawi.at\/index.php\/wp-json\/wp\/v2\/posts\/5461\/revisions"}],"wp:attachment":[{"href":"https:\/\/physik.nawi.at\/index.php\/wp-json\/wp\/v2\/media?parent=5461"}],"wp:term":[{"taxonomy":"category","embeddable":true,"href":"https:\/\/physik.nawi.at\/index.php\/wp-json\/wp\/v2\/categories?post=5461"},{"taxonomy":"post_tag","embeddable":true,"href":"https:\/\/physik.nawi.at\/index.php\/wp-json\/wp\/v2\/tags?post=5461"}],"curies":[{"name":"wp","href":"https:\/\/api.w.org\/{rel}","templated":true}]}}