{"id":4374,"date":"2016-03-07T21:30:15","date_gmt":"2016-03-07T20:30:15","guid":{"rendered":"https:\/\/physik.nawi.at\/?p=4374"},"modified":"2016-03-07T20:06:22","modified_gmt":"2016-03-07T19:06:22","slug":"flit-block-zur-frauenlesbendemo-am-8-marz-gemeinsam-transpis-basteln-gemeinsam-essen","status":"publish","type":"post","link":"https:\/\/physik.nawi.at\/index.php\/flit-block-zur-frauenlesbendemo-am-8-marz-gemeinsam-transpis-basteln-gemeinsam-essen\/","title":{"rendered":"F*L*I*T*-Block zur FrauenLesbenDemo am 8. M\u00e4rz, gemeinsam Transpis basteln, gemeinsam Essen"},"content":{"rendered":"<figure id=\"attachment_4378\" aria-describedby=\"caption-attachment-4378\" style=\"width: 555px\" class=\"wp-caption alignnone\"><a href=\"http:\/\/www.frauenlesbenzentrum-wien.at\/veranstaltungen.html#8maerz\" target=\"_blank\"><img loading=\"lazy\" class=\"wp-image-4378 size-full lazyload\" data-src=\"https:\/\/physik.nawi.at\/wp-content\/uploads\/2016\/03\/demo2016.png\" alt=\"Feuer und Flamme dem\u00a0Patriarchat, der Nation und dem Staat!\" width=\"555\" height=\"789\" data-srcset=\"https:\/\/physik.nawi.at\/wp-content\/uploads\/2016\/03\/demo2016.png 555w, https:\/\/physik.nawi.at\/wp-content\/uploads\/2016\/03\/demo2016-211x300.png 211w\" data-sizes=\"(max-width: 555px) 100vw, 555px\" src=\"data:image\/gif;base64,R0lGODlhAQABAAAAACH5BAEKAAEALAAAAAABAAEAAAICTAEAOw==\" style=\"--smush-placeholder-width: 555px; --smush-placeholder-aspect-ratio: 555\/789;\" \/><noscript><img loading=\"lazy\" class=\"wp-image-4378 size-full\" src=\"https:\/\/physik.nawi.at\/wp-content\/uploads\/2016\/03\/demo2016.png\" alt=\"Feuer und Flamme dem\u00a0Patriarchat, der Nation und dem Staat!\" width=\"555\" height=\"789\" srcset=\"https:\/\/physik.nawi.at\/wp-content\/uploads\/2016\/03\/demo2016.png 555w, https:\/\/physik.nawi.at\/wp-content\/uploads\/2016\/03\/demo2016-211x300.png 211w\" sizes=\"(max-width: 555px) 100vw, 555px\" \/><\/noscript><\/a><figcaption id=\"caption-attachment-4378\" class=\"wp-caption-text\">Feuer und Flamme dem\u00a0Patriarchat, der Nation und dem Staat!<\/figcaption><\/figure>\n<p>Am 8. M\u00e4rz, dem internationalen Frauen*kampftag, wird wie die letzten Jahre auch, eine <a href=\"http:\/\/www.frauenlesbenzentrum-wien.at\/veranstaltungen.html#8maerz\" target=\"_blank\">FrauenLesben Demo<\/a> unter dem Motto \u201eFeministischer Widerstand &#8211; Schluss mit Sexismus, Rassismus und Krieg&#8221; in Wien stattfinden. Seit bereits mehr als hundert Jahren begeben sich am 8. M\u00e4rz Frauen* auf die Stra\u00dfe, um vereint gegen eine patriarchale Gesellschaft, sexistische Strukturen und Diskriminierungen im Alltag zu demonstrieren und zu k\u00e4mpfen.<\/p>\n<p><a href=\"https:\/\/www.facebook.com\/events\/846119822180294\/\" rel=\"attachment wp-att-4377\"><img loading=\"lazy\" class=\"alignnone wp-image-4377 size-full lazyload\" data-src=\"https:\/\/physik.nawi.at\/wp-content\/uploads\/2016\/03\/12791011_578033109018238_6144126125242891521_n.jpg\" alt=\"Feuer und Flamme dem\u00a0Patriarchat, der Nation und dem Staat!\" width=\"960\" height=\"540\" src=\"data:image\/gif;base64,R0lGODlhAQABAAAAACH5BAEKAAEALAAAAAABAAEAAAICTAEAOw==\" style=\"--smush-placeholder-width: 960px; --smush-placeholder-aspect-ratio: 960\/540;\" \/><noscript><img loading=\"lazy\" class=\"alignnone wp-image-4377 size-full\" src=\"https:\/\/physik.nawi.at\/wp-content\/uploads\/2016\/03\/12791011_578033109018238_6144126125242891521_n.jpg\" alt=\"Feuer und Flamme dem\u00a0Patriarchat, der Nation und dem Staat!\" width=\"960\" height=\"540\" \/><\/noscript><\/a><\/p>\n<p>Feuer und Flamme dem\u00a0Patriarchat, der Nation und dem Staat!<\/p>\n<p style=\"text-align: left;\">Nicht nur Frauen* und Lesben* sind von systematischer sowie struktureller Unterdr\u00fcckung, und Diskriminierung durch patriarchale und sexistische (Herrschafts-) Verh\u00e4ltnisse betroffen. Auch Trans*-, Inter*- , gender*queere-Personen sowie Personen, die sich nicht in ein bin\u00e4res Geschlechtersystem einordnen lassen (wollen bzw k\u00f6nnen) sind tagt\u00e4glich von Gewalt, Anfeindungen, Benachteiligungen sowie Unsichtbarmachung betroffen. Ein dualistisches Geschlechterverst\u00e4ndnis sowie heterosexistische Begehrensstrukturen stellen zentrale St\u00fctzpfeiler des patriarchalen Gesellschafts- und Herrschaftssystems dar. Eine wirkungsvolle Zerschlagung des Patriarchats ist ohne die Ablehnung und Bek\u00e4mpfung dualistisch-biologistisch gedachter (\u201eMann\/Frau&#8221;) Geschlechterkategorien unserer Meinung nach nicht m\u00f6glich!<\/p>\n<h5 style=\"text-align: left;\">Bedauerlicherweise hat sich das Feministische Frauenb\u00fcndnis dennoch entschieden, am 8. M\u00e4rz (lediglich) eine \u201eFrauenLesben&#8221; -Demo auszurufen und sich somit bewusst f\u00fcr den Ausschluss von der Demo von Personen entschieden, die nicht einem \u201ebiologistischen&#8221; Verst\u00e4ndnis von \u201eFrau&#8221; entsprechen. In Absprache mit dem B\u00fcndnis wird es aber wie letztes Jahr auch einen <a href=\"https:\/\/krispblog.wordpress.com\/done-that\/flit-politik\/\" target=\"_blank\">F*L*I*T*<\/a>-Block ( offen f\u00fcr Frauen*, Lesben*, Inter*Personen,Transm\u00e4nner*, Transfrauen*, genderqueere Personen) geben, der sich dem Demozug anschlie\u00dft. Es wurde uns zugesichert, dass dieser als \u201eSchutzraum&#8221; f\u00fcr <a href=\"https:\/\/krispblog.wordpress.com\/done-that\/flit-politik\/\" target=\"_blank\">F*L*I*T*<\/a>-Personen fungieren wird, in dem es zu keinen Ausschl\u00fcssen von <a href=\"https:\/\/krispblog.wordpress.com\/done-that\/flit-politik\/\" target=\"_blank\">F*L*I*T*<\/a>-Personen von Seiten des Orga-B\u00fcndnisses kommen wird. <span style=\"text-decoration: underline; color: #ff00ff;\"><strong>Als von patriarchalen Strukturen privilegierte Personengruppe, sind <a style=\"color: #ff00ff; text-decoration: underline;\" href=\"https:\/\/de.wikipedia.org\/wiki\/Cisgender\" target=\"_blank\">Cis-M\u00e4nner<\/a> auch im <a style=\"color: #ff00ff; text-decoration: underline;\" href=\"https:\/\/krispblog.wordpress.com\/done-that\/flit-politik\/\" target=\"_blank\">F*L*I*T*<\/a>-Block nicht erw\u00fcnscht!!<\/strong><\/span><\/h5>\n<blockquote>\n<h3 style=\"text-align: center;\"><span style=\"color: #ff0000;\">Zeitpunkt: 08.03.2016, 17:00<\/span><br \/>\n<span style=\"color: #ff0000;\">Ort: Praterstern <\/span><br \/>\n<span style=\"color: #ff0000;\">(Der F*L*I*T*-Block wird an einem gro\u00dfen Banner erkennbar sein :))\u00a0<\/span><\/h3>\n<\/blockquote>\n<p style=\"text-align: left;\">Zuerst gibt es einige Redebeitr\u00e4ge und Tanz von One Billion Rising, danach geht es los, am Morzinplatz findet dann die Schlusskundgebung statt.<\/p>\n<p>Da wir grunds\u00e4tzlich die Bereitschaft von <a href=\"https:\/\/de.wikipedia.org\/wiki\/Cisgender\" target=\"_blank\">Cis-M\u00e4nnern<\/a>, sich am 8. M\u00e4rz solidarisch zu erkl\u00e4ren \u00e4u\u00dferst begr\u00fc\u00dfen, m\u00f6chten wir an dieser Stelle auf die von der<\/p>\n<ul>\n<li style=\"text-align: left;\">Sozialistischen LinksPartei organisierte Demonstration zum Internationalen Frauentag (Infos unter <a href=\"https:\/\/www.facebook.com\/events\/1551967751786109\" target=\"_blank\" rel=\"noreferrer\">https:\/\/www.facebook.com\/events\/1551967751786109<\/a>\/ )<\/li>\n<li style=\"text-align: left;\">sowie auf die Demo und das Fest der kurdischen Frauenbewegung zum internationalen Frauentag (05.03.2016. 15:00, Westbahnhof <a href=\"https:\/\/www.facebook.com\/events\/542117802660945\" target=\"_blank\" rel=\"noreferrer\">https:\/\/www.facebook.com\/events\/542117802660945<\/a>\/ ) hinweisen.<\/li>\n<li style=\"text-align: left;\">Von der SJ Wien gibt es ebenfalls um 16:00 eine Aktion zum Frauen*tag:\u00a0<a href=\"https:\/\/www.facebook.com\/events\/955488654500461\" target=\"_blank\" rel=\"noreferrer\">https:\/\/www.facebook.com\/events\/955488654500461<\/a>\/ ,danach wird zur FrauenLesbenDemo im Rahmen des FLIT* Blocks gesto\u00dfen.\n<p><span style=\"color: #ff0000;\">Lasst uns das Patriarchat zerschlagen! See you there!<\/span><\/li>\n<\/ul>\n<p>&nbsp;<\/p>\n<h2>Vorbereitungstreffen<\/h2>\n<p>Das Frauen*referat der \u00d6H Uni Wien ladet alle FLIT* Personen ein, sich gemeinsam auf den Frauen*Kampftag am 8. M\u00e4rz 2016 vorzubereiten.Kommt vorbei und Gestaltet mit uns Plakate, Transparente, etc.<\/p>\n<blockquote>\n<p style=\"text-align: center;\"><span style=\"color: #ff0000;\">Wann? 13:00<\/span><br \/>\n<span style=\"color: #ff0000;\">Wo?\u00a0<a id=\"u_jsonp_10_n\" class=\"_5xhk\" style=\"color: #ff0000;\" href=\"https:\/\/www.facebook.com\/frauenreferatwien\/\" data-hovercard=\"\/ajax\/hovercard\/page.php?id=631983750177155\">Frauen_Referat der \u00d6H Uni Wien<\/a><br \/>\n(AAKH, Spitalgasse 2, Hof 1, 1090 Vienna, Austria)<\/span><\/p>\n<\/blockquote>\n<p>Wir haben ein Paar Materialien aber falls ihr daheim auch noch ein Paar Stifte, Papiere, wasauchimmer, daheim habt k\u00f6nnt ihr auch gerne etwas mitbringen. Ihr seid nat\u00fcrlich auch Willkommen vorbei zu kommen um Leute kennen zu lernen, zu networken und euch uns anzuschlie\u00dfen um dann gemeinsam zur Demo zu gehen.<\/p>\n<p>Das <a href=\"http:\/\/www.oeh.univie.ac.at\/vertretung\/referate\/frauenreferat\">Kollektiv Frauen*referat <\/a>Freut sich auf euch!<\/p>\n<figure id=\"attachment_4379\" aria-describedby=\"caption-attachment-4379\" style=\"width: 600px\" class=\"wp-caption alignnone\"><img loading=\"lazy\" class=\"wp-image-4379 size-full lazyload\" data-src=\"https:\/\/physik.nawi.at\/wp-content\/uploads\/2016\/03\/We-can-do-it-pic.jpg\" alt=\"Feuer und Flamme dem\u00a0Patriarchat, der Nation und dem Staat!\" width=\"600\" height=\"760\" src=\"data:image\/gif;base64,R0lGODlhAQABAAAAACH5BAEKAAEALAAAAAABAAEAAAICTAEAOw==\" style=\"--smush-placeholder-width: 600px; --smush-placeholder-aspect-ratio: 600\/760;\" \/><noscript><img loading=\"lazy\" class=\"wp-image-4379 size-full\" src=\"https:\/\/physik.nawi.at\/wp-content\/uploads\/2016\/03\/We-can-do-it-pic.jpg\" alt=\"Feuer und Flamme dem\u00a0Patriarchat, der Nation und dem Staat!\" width=\"600\" height=\"760\" \/><\/noscript><figcaption id=\"caption-attachment-4379\" class=\"wp-caption-text\">Feuer und Flamme dem\u00a0Patriarchat, der Nation und dem Staat!<\/figcaption><\/figure>\n<p>&nbsp;<\/p>\n<h2>Wenn ihr nach der Demo was gutes essen, euch aufw\u00e4rmen und weitere Pl\u00e4ne schmieden m\u00f6chtet:<\/h2>\n<p>Liebe f*l*i*t*s,<br \/>\ndas f*c hat am 8. M\u00e4rz nach der Demo ge\u00f6ffnet!! es ist rauchfrei bis um 23:00; au\u00dferdem gibt&#8217;s veganes chilli &#8211; wir freuen uns wenn ihr einen eigenen L\u00f6ffel mitbringt &#8211; unsere besteckressourcen sind ein bisschen begrenzt&#8230;<\/p>\n<div class=\"text_exposed_show\">\n<p>Dear w*l*i*ts,<br \/>\nthe f*c will be open at the 8th of march after the demonstration!! it&#8217;s smoke-free until 11pm; there will be vegan chilli &#8211; we appreciate if you bring your own spoon &#8211; our cutlery resources are a little bit limited&#8230;<\/p>\n<p><a href=\"https:\/\/www.facebook.com\/fc.feminista\">https:\/\/www.facebook.com\/fc.feminista<\/a><\/p>\n<\/div>\n","protected":false},"excerpt":{"rendered":"<p>Am 8. M\u00e4rz, dem internationalen Frauen*kampftag, wird wie die letzten Jahre auch, eine FrauenLesben Demo unter dem Motto \u201eFeministischer Widerstand &#8211; Schluss mit Sexismus, Rassismus und Krieg&#8221; in Wien stattfinden. Seit bereits mehr als hundert Jahren begeben sich am 8. M\u00e4rz Frauen* auf die Stra\u00dfe, um vereint gegen eine patriarchale Gesellschaft, sexistische Strukturen und Diskriminierungen [&hellip;]<\/p>\n","protected":false},"author":40,"featured_media":0,"comment_status":"open","ping_status":"open","sticky":false,"template":"","format":"standard","meta":{"wds_primary_category":0,"_wpscppro_dont_share_socialmedia":false,"_wpscppro_custom_social_share_image":0,"_facebook_share_type":"","_twitter_share_type":"","_linkedin_share_type":"","_pinterest_share_type":"","_linkedin_share_type_page":"","_instagram_share_type":"","_medium_share_type":"","_threads_share_type":"","_google_business_share_type":"","_selected_social_profile":[],"_wpsp_enable_custom_social_template":false,"_wpsp_social_scheduling":{"enabled":false,"datetime":null,"platforms":[],"status":"template_only","dateOption":"today","timeOption":"now","customDays":"","customHours":"","customDate":"","customTime":"","schedulingType":"absolute"},"_wpsp_active_default_template":true},"categories":[20],"tags":[],"_links":{"self":[{"href":"https:\/\/physik.nawi.at\/index.php\/wp-json\/wp\/v2\/posts\/4374"}],"collection":[{"href":"https:\/\/physik.nawi.at\/index.php\/wp-json\/wp\/v2\/posts"}],"about":[{"href":"https:\/\/physik.nawi.at\/index.php\/wp-json\/wp\/v2\/types\/post"}],"author":[{"embeddable":true,"href":"https:\/\/physik.nawi.at\/index.php\/wp-json\/wp\/v2\/users\/40"}],"replies":[{"embeddable":true,"href":"https:\/\/physik.nawi.at\/index.php\/wp-json\/wp\/v2\/comments?post=4374"}],"version-history":[{"count":0,"href":"https:\/\/physik.nawi.at\/index.php\/wp-json\/wp\/v2\/posts\/4374\/revisions"}],"wp:attachment":[{"href":"https:\/\/physik.nawi.at\/index.php\/wp-json\/wp\/v2\/media?parent=4374"}],"wp:term":[{"taxonomy":"category","embeddable":true,"href":"https:\/\/physik.nawi.at\/index.php\/wp-json\/wp\/v2\/categories?post=4374"},{"taxonomy":"post_tag","embeddable":true,"href":"https:\/\/physik.nawi.at\/index.php\/wp-json\/wp\/v2\/tags?post=4374"}],"curies":[{"name":"wp","href":"https:\/\/api.w.org\/{rel}","templated":true}]}}