{"id":4362,"date":"2016-03-08T08:00:28","date_gmt":"2016-03-08T07:00:28","guid":{"rendered":"https:\/\/physik.nawi.at\/?p=4362"},"modified":"2016-03-07T19:33:53","modified_gmt":"2016-03-07T18:33:53","slug":"8-marz-weltfrauentag","status":"publish","type":"post","link":"https:\/\/physik.nawi.at\/index.php\/8-marz-weltfrauentag\/","title":{"rendered":"8.M\u00e4rz Weltfrauen*tag"},"content":{"rendered":"<h4>Einen sch\u00f6nen Frauenkampftag\u00a0euch allen!<\/h4>\n<p>Wie die Webseite &#8220;<a href=\"http:\/\/www.internationalwomensday.com\/\">internationalwomensday<\/a>&#8221; so sch\u00f6n\u00a0sagt:<\/p>\n<p><em>&#8220;Celebrate the social, economic, cultural and political achievement of women.&#8221;<\/em><\/p>\n<p>Aber vergessen wir auch nicht, dass alle diese modernen Errungenschaften wie unter andrem das Frauenwahlrecht,<br \/>\nRecht auf Bildung ( und im besonderen zu studieren )\u00a0und &#8220;gesetzliche Gleichberechtigung&#8221; erst\u00a0langsam und \u00fcber einen langen Zeitraum hart erk\u00e4mpft wurden &#8211; und das immer gegen gro\u00dfen Widerstand der\u00a0Gegner*innen der <strong><a href=\"https:\/\/de.wikipedia.org\/wiki\/Frauenbewegung\">Frauenbewegung<\/a><\/strong>.<\/p>\n<p>Oft unter der Pr\u00e4misse, dass &#8220;schon genug getan&#8221; sei.<\/p>\n<p>Auch im modernen Diskurs gibt es sehr unterschiedliche Einstellungen und Meinungen zur geschichtliche und derzeitigen Entwicklung der\u00a0Frauenbewegung &#8211; auch auf unserer Fakult\u00e4t.<\/p>\n<p>Das\u00a0<strong><a href=\"https:\/\/www.youtube.com\/watch?v=9vC1ksS7TSc\">&#8220;F-Wort&#8221;<\/a><\/strong>\u00a0ist auch \u00a0im modernen Diskurs ein Ausdruck, von dem sich viele Menschen distanzieren, oder mit dem sie aus verschiedenen Gr\u00fcnden nicht assoziiert werden m\u00f6chten.<br \/>\nIn vielen\u00a0F\u00e4llen\u00a0ist dies auf Missinformation oder negative Erfrahrungen\u00a0<strong><a href=\"https:\/\/www.youtube.com\/watch?v=iZdeL3y_D8Q\">[1]<\/a><\/strong>, \u00a0<strong><a href=\"https:\/\/www.youtube.com\/watch?v=abZmFCs-ltY\">[2]<\/a>\u00a0<\/strong>der betreffenden Personen\u00a0zur\u00fcckzuf\u00fchren &#8211; in anderen F\u00e4llen haben sich Personen\u00a0noch nicht besonders intensiv mit der Thematik auseinandergesetzt ( gesellschaftlicher\/famil\u00e4rer Background).<\/p>\n<p>Aus diesem Grund m\u00f6chten wir den Tag dazu nutzen, euch \u00a0einzuladen euch mit der Geschichte und Fakten auseinanderzusetzten und euch ein eigenes Bild zu machen.<\/p>\n<p>Euer RV<\/p>\n<p>Einige Infos und Quellen rund um den\u00a0Welt-Frauentag:<\/p>\n<ul>\n<li><a href=\"https:\/\/de.wikipedia.org\/wiki\/Internationaler_Frauentag\">http:\/\/Wikipedia: Weltfrauentag<\/a><\/li>\n<li><a href=\"https:\/\/www.youtube.com\/watch?v=9vC1ksS7TSc\">The &#8220;F&#8221; Bomb: A Feminism Documentary<\/a><\/li>\n<li><a href=\"https:\/\/en.wikipedia.org\/wiki\/History_of_feminism\">Wikipedia: History of feminism<\/a><\/li>\n<li><a href=\"http:\/\/geschichte.univie.ac.at\/de\/themen\/frauen-der-universitaet-wien\">Frauen an der Universit\u00e4t Wien<\/a><\/li>\n<li><a href=\"https:\/\/physik.nawi.at\/index.php\/workshops\/anderungen-von-studienbedingungen\/\">Nawi-Page: \u00c4nderungen Studienbedingungen<\/a><\/li>\n<li><\/li>\n<\/ul>\n","protected":false},"excerpt":{"rendered":"<p>Einen sch\u00f6nen Frauenkampftag\u00a0euch allen! Wie die Webseite &#8220;internationalwomensday&#8221; so sch\u00f6n\u00a0sagt: &#8220;Celebrate the social, economic, cultural and political achievement of women.&#8221; Aber vergessen wir auch nicht, dass alle diese modernen Errungenschaften wie unter andrem das Frauenwahlrecht, Recht auf Bildung ( und im besonderen zu studieren )\u00a0und &#8220;gesetzliche Gleichberechtigung&#8221; erst\u00a0langsam und \u00fcber einen langen Zeitraum hart erk\u00e4mpft [&hellip;]<\/p>\n","protected":false},"author":1,"featured_media":0,"comment_status":"open","ping_status":"open","sticky":false,"template":"","format":"standard","meta":{"wds_primary_category":0,"_wpscppro_dont_share_socialmedia":false,"_wpscppro_custom_social_share_image":0,"_facebook_share_type":"","_twitter_share_type":"","_linkedin_share_type":"","_pinterest_share_type":"","_linkedin_share_type_page":"","_instagram_share_type":"","_medium_share_type":"","_threads_share_type":"","_google_business_share_type":"","_selected_social_profile":[],"_wpsp_enable_custom_social_template":false,"_wpsp_social_scheduling":{"enabled":false,"datetime":null,"platforms":[],"status":"template_only","dateOption":"today","timeOption":"now","customDays":"","customHours":"","customDate":"","customTime":"","schedulingType":"absolute"},"_wpsp_active_default_template":true},"categories":[20],"tags":[],"_links":{"self":[{"href":"https:\/\/physik.nawi.at\/index.php\/wp-json\/wp\/v2\/posts\/4362"}],"collection":[{"href":"https:\/\/physik.nawi.at\/index.php\/wp-json\/wp\/v2\/posts"}],"about":[{"href":"https:\/\/physik.nawi.at\/index.php\/wp-json\/wp\/v2\/types\/post"}],"author":[{"embeddable":true,"href":"https:\/\/physik.nawi.at\/index.php\/wp-json\/wp\/v2\/users\/1"}],"replies":[{"embeddable":true,"href":"https:\/\/physik.nawi.at\/index.php\/wp-json\/wp\/v2\/comments?post=4362"}],"version-history":[{"count":0,"href":"https:\/\/physik.nawi.at\/index.php\/wp-json\/wp\/v2\/posts\/4362\/revisions"}],"wp:attachment":[{"href":"https:\/\/physik.nawi.at\/index.php\/wp-json\/wp\/v2\/media?parent=4362"}],"wp:term":[{"taxonomy":"category","embeddable":true,"href":"https:\/\/physik.nawi.at\/index.php\/wp-json\/wp\/v2\/categories?post=4362"},{"taxonomy":"post_tag","embeddable":true,"href":"https:\/\/physik.nawi.at\/index.php\/wp-json\/wp\/v2\/tags?post=4362"}],"curies":[{"name":"wp","href":"https:\/\/api.w.org\/{rel}","templated":true}]}}