{"id":3026,"date":"2015-01-10T19:09:51","date_gmt":"2015-01-10T18:09:51","guid":{"rendered":"https:\/\/physik.nawi.at\/?p=3026"},"modified":"2015-01-10T19:09:59","modified_gmt":"2015-01-10T18:09:59","slug":"gedenkkundgebung-gemeinsam-gegen-den-terror","status":"publish","type":"post","link":"https:\/\/physik.nawi.at\/index.php\/gedenkkundgebung-gemeinsam-gegen-den-terror\/","title":{"rendered":"Gedenkkundgebung: Gemeinsam gegen den Terror"},"content":{"rendered":"<p>Morgen, am 11.1.2015 \u00a016:00<\/p>\n<p>veranstalten die Bundesregierung und \u00a0diversen Glaubensgemeinschaften am Ballhausplatz eine Gedenkkundgebung f\u00fcr die Opfer der Anschl\u00e4ge in Paris.<\/p>\n<p>N\u00e4here Infos beim\u00a0<strong><a href=\"https:\/\/www.facebook.com\/events\/1387749848194647\/?ref=22\">FB- Event<\/a><\/strong><\/p>\n","protected":false},"excerpt":{"rendered":"<p>Morgen, am 11.1.2015 \u00a016:00 veranstalten die Bundesregierung und \u00a0diversen Glaubensgemeinschaften am Ballhausplatz eine Gedenkkundgebung f\u00fcr die Opfer der Anschl\u00e4ge in Paris. N\u00e4here Infos beim\u00a0FB- Event<\/p>\n","protected":false},"author":1,"featured_media":0,"comment_status":"open","ping_status":"open","sticky":false,"template":"","format":"standard","meta":{"wds_primary_category":0,"_wpscppro_dont_share_socialmedia":false,"_wpscppro_custom_social_share_image":0,"_facebook_share_type":"","_twitter_share_type":"","_linkedin_share_type":"","_pinterest_share_type":"","_linkedin_share_type_page":"","_instagram_share_type":"","_medium_share_type":"","_threads_share_type":"","_google_business_share_type":"","_selected_social_profile":[],"_wpsp_enable_custom_social_template":false,"_wpsp_social_scheduling":{"enabled":false,"datetime":null,"platforms":[],"status":"template_only","dateOption":"today","timeOption":"now","customDays":"","customHours":"","customDate":"","customTime":"","schedulingType":"absolute"},"_wpsp_active_default_template":true},"categories":[20],"tags":[],"_links":{"self":[{"href":"https:\/\/physik.nawi.at\/index.php\/wp-json\/wp\/v2\/posts\/3026"}],"collection":[{"href":"https:\/\/physik.nawi.at\/index.php\/wp-json\/wp\/v2\/posts"}],"about":[{"href":"https:\/\/physik.nawi.at\/index.php\/wp-json\/wp\/v2\/types\/post"}],"author":[{"embeddable":true,"href":"https:\/\/physik.nawi.at\/index.php\/wp-json\/wp\/v2\/users\/1"}],"replies":[{"embeddable":true,"href":"https:\/\/physik.nawi.at\/index.php\/wp-json\/wp\/v2\/comments?post=3026"}],"version-history":[{"count":0,"href":"https:\/\/physik.nawi.at\/index.php\/wp-json\/wp\/v2\/posts\/3026\/revisions"}],"wp:attachment":[{"href":"https:\/\/physik.nawi.at\/index.php\/wp-json\/wp\/v2\/media?parent=3026"}],"wp:term":[{"taxonomy":"category","embeddable":true,"href":"https:\/\/physik.nawi.at\/index.php\/wp-json\/wp\/v2\/categories?post=3026"},{"taxonomy":"post_tag","embeddable":true,"href":"https:\/\/physik.nawi.at\/index.php\/wp-json\/wp\/v2\/tags?post=3026"}],"curies":[{"name":"wp","href":"https:\/\/api.w.org\/{rel}","templated":true}]}}