{"id":2984,"date":"2014-12-17T14:38:43","date_gmt":"2014-12-17T13:38:43","guid":{"rendered":"https:\/\/physik.nawi.at\/?p=2984"},"modified":"2014-12-17T14:43:03","modified_gmt":"2014-12-17T13:43:03","slug":"ars-docendi-2015","status":"publish","type":"post","link":"https:\/\/physik.nawi.at\/index.php\/ars-docendi-2015\/","title":{"rendered":"Ars Docendi 2015"},"content":{"rendered":"<p>Es gibt einen Preis zu vergeben, und wir sollen nominieren. Warum fragen die nicht einfach die Studis selbst?<\/p>\n<p>Weil wir das f\u00fcr sinnvoller halten,\u00a0w\u00fcrden wir euch bitten mitzubestimmen &#8211; schlagt Leute vor!<br \/>\nHier das Mail:<\/p>\n<hr \/>\n<p>&nbsp;<\/p>\n<p>Liebe Studierendenvertreterinnen, liebe Studierendenvertreter!<\/p>\n<p>&nbsp;<\/p>\n<p>Ich darf Sie herzlich einladen, sich an der Ausschreibung des \u201eArs docendi &#8211; Staatspreis\u201c zu beteiligen,\u00a0 um Lehrende vor den Vorhang zu holen, die sich durch exzellente Lehre an Ihrer Hochschule auszeichnen.<\/p>\n<p>Der Preis wird diesmal erstmals f\u00fcr den gesamten terti\u00e4ren Bildungssektor ausgeschrieben und unterst\u00fctzt somit die Qualit\u00e4tsentwicklung an \u00f6ffentlichen Universit\u00e4ten, Fachhochschulen und Privatuniversit\u00e4ten gleicherma\u00dfen. Das Schreiben des Herrn Vizekanzlers Dr. Reinhold Mitterlehner (beiliegend beispielhaft an den Rektor\u00a0 der Universit\u00e4t Wien) ist an alle Hochschulleitungen am 15. Dezember 2014 ergangen.<\/p>\n<p>Der Preis wird in den nachstehenden <strong>f\u00fcnf Fachkategorien<\/strong> vergeben und ist mit jeweils 5.000.-\u20ac dotiert:<\/p>\n<ul>\n<li>MINT (Mathematik, Informatik, Naturwissenschaften, Technik)\/Ingenieurwissenschaften<\/li>\n<li>Medizin und Gesundheitswissenschaften<\/li>\n<li>Wirtschaft und Recht<\/li>\n<li>GSK (Geistes-, Sozial- und Kulturwissenschaften)<\/li>\n<li>Kunst, Musik und Gestaltung<\/li>\n<\/ul>\n<p>&nbsp;<\/p>\n<p>Zus\u00e4tzlich zu den einzelnen Fachkategorien m\u00f6chten wir die Umsetzung<\/p>\n<ul>\n<li>eines <strong>innovativen Lehrkonzepts am Beginn des Studiums<\/strong> unter Ber\u00fccksichtigung verschiedener Bildungsbiographien und\/oder des kulturellen Hintergrunds und<\/li>\n<li>eines <strong>innovativen Lehrkonzepts im Sinne der Modularisierung<\/strong>, womit die B\u00fcndelung von Lehr- und Lerninhalten zu einer fachlichen und didaktisch sinnvollen Einheit, an der mehrere Lehrende beteiligt sind, gemeint ist,<\/li>\n<\/ul>\n<p>w\u00fcrdigen. Diese Konzepte sind an keine Fachkategorie gebunden und sind <strong>ebenfalls jeweils mit 5.000.-\u20ac<\/strong> dotiert.<\/p>\n<p>&nbsp;<\/p>\n<p>Im Namen der beteiligten Partnerinstitutionen (\u00d6H, Uniko, FHK und \u00d6PUK) darf ich Sie einladen, Ihre Nominierungen und Vorschl\u00e4ge idealerweise <strong>gemeinsam mit der Hochschulleitung <\/strong>oder <strong>auch eigenst\u00e4ndig<\/strong> per E-Mail oder per Post an die<br \/>\n<span style=\"color: #ff0000;\">&#8220;bla bla bla (Keine Privatdaten ohne Zustimmung ver\u00f6ffentlichen!)\u00a0<\/span>einzureichen.<br \/>\n<strong>Einsendeschluss ist der 27. M\u00e4rz 2015.<\/strong><\/p>\n<p>&nbsp;<\/p>\n<p>Zur Erleichterung der Zuordnung darf ich Sie bitten, das beiliegende Formular zu verwenden.<\/p>\n<p>F\u00fcr allf\u00e4llige Fragen stehen Ihnen <span style=\"color: #ff0000;\">&#8220;Person X&#8221;<\/span>\u00a0und auch ich gerne zur Verf\u00fcgung.<\/p>\n<p>Die Nominierungen und Vorschl\u00e4ge werden von einer hochkar\u00e4tig besetzten Jury <span style=\"color: #ff0000;\">( Karat = Ma\u00dfeinheit f\u00fcr die Masse von Edelsteinen oder Goldanteil in Legierungen)<\/span>,<br \/>\ndie aus internationalen Fachleuten besteht, beurteilt.<\/p>\n<p>Als Termin f\u00fcr die feierliche Preisverleihung in Wien ist der 22. Juni 2015 vorgesehen.<\/p>\n<p>&nbsp;<\/p>\n<p><em>Beilagen<\/em><\/p>\n<p>Mit freundlichen Gr\u00fc\u00dfen<br \/>\n<strong><span style=\"color: #ff0000;\">Person Y<\/span><\/strong><br \/>\nLeiter der Abteilung f\u00fcr Wissenschaftsvermittlung<\/p>\n<p><strong>Bundesministerium f\u00fcr Wissenschaft, Forschung und Wirtschaft<\/strong><\/p>\n<p>Federal Ministry of Science, Research and Economy<\/p>\n","protected":false},"excerpt":{"rendered":"<p>Es gibt einen Preis zu vergeben, und wir sollen nominieren. Warum fragen die nicht einfach die Studis selbst? Weil wir das f\u00fcr sinnvoller halten,\u00a0w\u00fcrden wir euch bitten mitzubestimmen &#8211; schlagt Leute vor! Hier das Mail: &nbsp; Liebe Studierendenvertreterinnen, liebe Studierendenvertreter! &nbsp; Ich darf Sie herzlich einladen, sich an der Ausschreibung des \u201eArs docendi &#8211; Staatspreis\u201c [&hellip;]<\/p>\n","protected":false},"author":11,"featured_media":0,"comment_status":"open","ping_status":"open","sticky":false,"template":"","format":"standard","meta":{"wds_primary_category":0,"_wpscppro_dont_share_socialmedia":false,"_wpscppro_custom_social_share_image":0,"_facebook_share_type":"","_twitter_share_type":"","_linkedin_share_type":"","_pinterest_share_type":"","_linkedin_share_type_page":"","_instagram_share_type":"","_medium_share_type":"","_threads_share_type":"","_google_business_share_type":"","_selected_social_profile":[],"_wpsp_enable_custom_social_template":false,"_wpsp_social_scheduling":{"enabled":false,"datetime":null,"platforms":[],"status":"template_only","dateOption":"today","timeOption":"now","customDays":"","customHours":"","customDate":"","customTime":"","schedulingType":"absolute"},"_wpsp_active_default_template":true},"categories":[20],"tags":[],"_links":{"self":[{"href":"https:\/\/physik.nawi.at\/index.php\/wp-json\/wp\/v2\/posts\/2984"}],"collection":[{"href":"https:\/\/physik.nawi.at\/index.php\/wp-json\/wp\/v2\/posts"}],"about":[{"href":"https:\/\/physik.nawi.at\/index.php\/wp-json\/wp\/v2\/types\/post"}],"author":[{"embeddable":true,"href":"https:\/\/physik.nawi.at\/index.php\/wp-json\/wp\/v2\/users\/11"}],"replies":[{"embeddable":true,"href":"https:\/\/physik.nawi.at\/index.php\/wp-json\/wp\/v2\/comments?post=2984"}],"version-history":[{"count":0,"href":"https:\/\/physik.nawi.at\/index.php\/wp-json\/wp\/v2\/posts\/2984\/revisions"}],"wp:attachment":[{"href":"https:\/\/physik.nawi.at\/index.php\/wp-json\/wp\/v2\/media?parent=2984"}],"wp:term":[{"taxonomy":"category","embeddable":true,"href":"https:\/\/physik.nawi.at\/index.php\/wp-json\/wp\/v2\/categories?post=2984"},{"taxonomy":"post_tag","embeddable":true,"href":"https:\/\/physik.nawi.at\/index.php\/wp-json\/wp\/v2\/tags?post=2984"}],"curies":[{"name":"wp","href":"https:\/\/api.w.org\/{rel}","templated":true}]}}