{"id":2890,"date":"2014-12-01T21:08:33","date_gmt":"2014-12-01T20:08:33","guid":{"rendered":"https:\/\/physik.nawi.at\/?p=2890"},"modified":"2014-12-01T21:39:42","modified_gmt":"2014-12-01T20:39:42","slug":"plenum-1-12-2014","status":"publish","type":"post","link":"https:\/\/physik.nawi.at\/index.php\/plenum-1-12-2014\/","title":{"rendered":"Plenum 1.12.2014"},"content":{"rendered":"<p>Interessante Punkte:<\/p>\n<h4><span id=\"Punschralley\" class=\"mw-headline\">Punschralley<\/span><\/h4>\n<p>Termin:<br \/>\n18.12. ab 16:00<br \/>\nWo: auf der \u00a0Physik, Mathe, Astro und Biologie<\/p>\n<p>Wir brauchen noch Menschen, die beim Planen und vor allem Organisieren helfen.<br \/>\n<a class=\"external free\" href=\"http:\/\/doodle.com\/amufrh77zncqbk8u\" rel=\"nofollow\"><br \/>\n<\/a>N\u00e4chstes-Planungstreffen:<a class=\"external free\" href=\"http:\/\/doodle.com\/amufrh77zncqbk8u\" rel=\"nofollow\"><br \/>\nhttp:\/\/doodle.com\/amufrh77zncqbk8u<br \/>\n<\/a>\u00a0(vorraussichtlich Mittwoch).<\/p>\n<h4><span id=\"Endveranstaltung_Erstitut_Ma.2BPhysik\" class=\"mw-headline\">Endveranstaltung Erstitut Ma+Physik<\/span><\/h4>\n<p>Die Mathe hat gefragt, ob es ein gemeinsames Event geben k\u00f6nnte.<\/p>\n<p>Wir halten das f\u00fcr eine Tolle Idee, wenn wir als Veranstaltungsort entweder die Mathe oder das Tunnel oder das Wuk w\u00e4hlen (wenig Arbeit f\u00fcr uns).\u00a0Falls wirs doch bei uns machen sollten, m\u00fcssen die Mathe-Menschen aufr\u00e4umen \u00a0\ud83d\ude1b<\/p>\n<p>Termin: Zum Start vom neuen Semester.<\/p>\n<p>Wer mitorganiseren m\u00f6chte &#8211; meldet euch :)&gt;<\/p>\n<h2><span id=\"Besuch_aus_Zagreb_11.12.\" class=\"mw-headline\">Besuch aus Zagreb 11.12.<\/span><\/h2>\n<p>Ca 100 Studis kommen aus Zagreb zu Besuch, um sich die wiener Mathe und Physik anzuschauen (und vielleicht ein bisschen Sightseeing zu betreiben)<\/p>\n<p>K\u00f6nnt ihr euch vorstellen, die Leute durch Labors zu f\u00fchren oder F\u00fchrungen zu organisieren?<br \/>\nOder mit den Leuten abends noch auf ein Bier zu gehen? Motivierte Menschen meldet euch!<\/p>\n<h4><span id=\"Petition_gegen_Platikm.C3.BCll\" class=\"mw-headline\">Petition gegen Platikm\u00fcll<\/span><\/h4>\n<p>Verbreiten und teilen! <a class=\"external free\" href=\"https:\/\/secured.greenpeace.org\/austria\/de\/aktivwerden\/proteste\/konsum\/mikroplastik\/\" rel=\"nofollow\">https:\/\/secured.greenpeace.org\/austria\/de\/aktivwerden\/proteste\/konsum\/mikroplastik\/<\/a><\/p>\n<h2><span id=\"Camcorder_f.C3.BCr_VOs\" class=\"mw-headline\">Camcorder f\u00fcr VOs<\/span><\/h2>\n<p>Es gibt von der H\u00f6rsaalvorbereitung zwar ein Kamera-Ding, das \u00a0auszuborgen und zum VO-Aufzeichnen zu verwenden hat sich dieses Semester als kompliziert herausgestellt, sodass leider keine neuen VO-Streams aufgenommen werden konnten\u00a0.<\/p>\n<p>&#8211;&gt; Wir k\u00f6nnten selber ein Exemplar beschaffen &#8211; \u00a0zum einfachen Mitnehmen, \u00a0VO-Aufzeichnen und auf den Server tun.<\/p>\n<p>Das Plenum h\u00e4lt die Idee f\u00fcr gut.<br \/>\nWir w\u00fcrden beim Ger\u00e4t gerne unter 200\u20ac bleiben &#8211; dazu noch ein ansteckbares Mikro oder Funkempf\u00e4nger.<\/p>\n<p>Danach gibt es keine Ausreden mehr daf\u00fcr, warum unsre Studis es nicht auf die Reihe bringen, ihre Vorlesungen aufzuzeichnen.<\/p>\n<h4><span id=\"Das_Baeckerei\" class=\"mw-headline\">Das Baeckerei<\/span><\/h4>\n<p>Am Freitag schauen ein paar von uns zu &#8220;Das Baeckerei&#8221;.<\/p>\n<p>Zum einen wegen einem ziemlich coolen <strong><a title=\"Das B\u00e4ckerei: Workshop Die Sturmhaube\" href=\"https:\/\/physik.nawi.at\/index.php\/das-backerei-workshop-die-sturmhaube\/\">Event<\/a><\/strong>,<br \/>\nund zum Andern wegen F\u00f6rderantr\u00e4gen.<\/p>\n<h4><span id=\"Sticker-Agru\" class=\"mw-headline\">Sticker-Agru<\/span><\/h4>\n<p>Termin (11.12. )steht im Kalender- ist in Arbeit.<\/p>\n<h4><span id=\"Stammtisch\" class=\"mw-headline\">Physik-Stammtisch<\/span><\/h4>\n<p>Diesen Donnerstag wieder \u00a0\ud83d\ude42<\/p>\n<h2><span id=\"RV_-_Stellt_sich_vor_Tag\" class=\"mw-headline\">RV &#8211; Stellt sich vor Tag<\/span><\/h2>\n<p>Wann?<\/p>\n<p>Was f\u00fcr Inhalte? Zum Erarbeiten von Inhalten machen wir eine Arbeitsgruppe.<br \/>\nTerminsuche ist im Gange. Wer Lust hat, mitzumachen.. lasst euch blicken!<\/p>\n<h4><span id=\"Belohnungs-Essen\" class=\"mw-headline\">Fest-Aufr\u00e4um Belohnungs-Essen<\/span><\/h4>\n<p>am 20.12. 18:00. \u00a0Ist schon reserviert. RV<\/p>\n<h4><span id=\"Projektr.C3.A4ume_Lewi\" class=\"mw-headline\">Projektr\u00e4ume Lewi<\/span><\/h4>\n<p>Bei der FV Lewi gibt es jetzt drei gro\u00dfe Projektr\u00e4ume, die Studis zur Verf\u00fcgung stehen&#8230; danke an gewisse Personen von der Bio,<\/p>\n<p>Location: Althanstra\u00dfe 12-14.<br \/>\nKann man Menschen verklickern, dass da jetzt Arbeitsfl\u00e4che frei geworden ist.<\/p>\n<p><a href=\"https:\/\/physik.nawi.at\/wp-content\/uploads\/2014\/12\/Projektr\u00e4ume-Lewi-1.jpg\"><img loading=\"lazy\" class=\"alignnone size-full wp-image-2895 lazyload\" data-src=\"https:\/\/physik.nawi.at\/wp-content\/uploads\/2014\/12\/Projektr\u00e4ume-Lewi-1.jpg\" alt=\"Projektr\u00e4ume Lewi-1\" width=\"3507\" height=\"2464\" data-srcset=\"https:\/\/physik.nawi.at\/wp-content\/uploads\/2014\/12\/Projektr\u00e4ume-Lewi-1.jpg 3507w, https:\/\/physik.nawi.at\/wp-content\/uploads\/2014\/12\/Projektr\u00e4ume-Lewi-1-300x210.jpg 300w, https:\/\/physik.nawi.at\/wp-content\/uploads\/2014\/12\/Projektr\u00e4ume-Lewi-1-1024x719.jpg 1024w\" data-sizes=\"(max-width: 3507px) 100vw, 3507px\" src=\"data:image\/gif;base64,R0lGODlhAQABAAAAACH5BAEKAAEALAAAAAABAAEAAAICTAEAOw==\" style=\"--smush-placeholder-width: 3507px; --smush-placeholder-aspect-ratio: 3507\/2464;\" \/><noscript><img loading=\"lazy\" class=\"alignnone size-full wp-image-2895\" src=\"https:\/\/physik.nawi.at\/wp-content\/uploads\/2014\/12\/Projektr\u00e4ume-Lewi-1.jpg\" alt=\"Projektr\u00e4ume Lewi-1\" width=\"3507\" height=\"2464\" srcset=\"https:\/\/physik.nawi.at\/wp-content\/uploads\/2014\/12\/Projektr\u00e4ume-Lewi-1.jpg 3507w, https:\/\/physik.nawi.at\/wp-content\/uploads\/2014\/12\/Projektr\u00e4ume-Lewi-1-300x210.jpg 300w, https:\/\/physik.nawi.at\/wp-content\/uploads\/2014\/12\/Projektr\u00e4ume-Lewi-1-1024x719.jpg 1024w\" sizes=\"(max-width: 3507px) 100vw, 3507px\" \/><\/noscript><\/a><\/p>\n<p><a href=\"https:\/\/physik.nawi.at\/wp-content\/uploads\/2014\/12\/Projektr\u00e4ume-Lewi-2.jpg\"><img loading=\"lazy\" class=\"alignnone size-full wp-image-2896 lazyload\" data-src=\"https:\/\/physik.nawi.at\/wp-content\/uploads\/2014\/12\/Projektr\u00e4ume-Lewi-2.jpg\" alt=\"Projektr\u00e4ume Lewi-2\" width=\"3507\" height=\"2464\" data-srcset=\"https:\/\/physik.nawi.at\/wp-content\/uploads\/2014\/12\/Projektr\u00e4ume-Lewi-2.jpg 3507w, https:\/\/physik.nawi.at\/wp-content\/uploads\/2014\/12\/Projektr\u00e4ume-Lewi-2-300x210.jpg 300w, https:\/\/physik.nawi.at\/wp-content\/uploads\/2014\/12\/Projektr\u00e4ume-Lewi-2-1024x719.jpg 1024w\" data-sizes=\"(max-width: 3507px) 100vw, 3507px\" src=\"data:image\/gif;base64,R0lGODlhAQABAAAAACH5BAEKAAEALAAAAAABAAEAAAICTAEAOw==\" style=\"--smush-placeholder-width: 3507px; --smush-placeholder-aspect-ratio: 3507\/2464;\" \/><noscript><img loading=\"lazy\" class=\"alignnone size-full wp-image-2896\" src=\"https:\/\/physik.nawi.at\/wp-content\/uploads\/2014\/12\/Projektr\u00e4ume-Lewi-2.jpg\" alt=\"Projektr\u00e4ume Lewi-2\" width=\"3507\" height=\"2464\" srcset=\"https:\/\/physik.nawi.at\/wp-content\/uploads\/2014\/12\/Projektr\u00e4ume-Lewi-2.jpg 3507w, https:\/\/physik.nawi.at\/wp-content\/uploads\/2014\/12\/Projektr\u00e4ume-Lewi-2-300x210.jpg 300w, https:\/\/physik.nawi.at\/wp-content\/uploads\/2014\/12\/Projektr\u00e4ume-Lewi-2-1024x719.jpg 1024w\" sizes=\"(max-width: 3507px) 100vw, 3507px\" \/><\/noscript><\/a><\/p>\n","protected":false},"excerpt":{"rendered":"<p>Interessante Punkte: Punschralley Termin: 18.12. ab 16:00 Wo: auf der \u00a0Physik, Mathe, Astro und Biologie Wir brauchen noch Menschen, die beim Planen und vor allem Organisieren helfen. N\u00e4chstes-Planungstreffen: http:\/\/doodle.com\/amufrh77zncqbk8u \u00a0(vorraussichtlich Mittwoch). Endveranstaltung Erstitut Ma+Physik Die Mathe hat gefragt, ob es ein gemeinsames Event geben k\u00f6nnte. Wir halten das f\u00fcr eine Tolle Idee, wenn wir als [&hellip;]<\/p>\n","protected":false},"author":11,"featured_media":0,"comment_status":"open","ping_status":"open","sticky":false,"template":"","format":"standard","meta":{"wds_primary_category":0,"_wpscppro_dont_share_socialmedia":false,"_wpscppro_custom_social_share_image":0,"_facebook_share_type":"","_twitter_share_type":"","_linkedin_share_type":"","_pinterest_share_type":"","_linkedin_share_type_page":"","_instagram_share_type":"","_medium_share_type":"","_threads_share_type":"","_google_business_share_type":"","_selected_social_profile":[],"_wpsp_enable_custom_social_template":false,"_wpsp_social_scheduling":{"enabled":false,"datetime":null,"platforms":[],"status":"template_only","dateOption":"today","timeOption":"now","customDays":"","customHours":"","customDate":"","customTime":"","schedulingType":"absolute"},"_wpsp_active_default_template":true},"categories":[20],"tags":[],"_links":{"self":[{"href":"https:\/\/physik.nawi.at\/index.php\/wp-json\/wp\/v2\/posts\/2890"}],"collection":[{"href":"https:\/\/physik.nawi.at\/index.php\/wp-json\/wp\/v2\/posts"}],"about":[{"href":"https:\/\/physik.nawi.at\/index.php\/wp-json\/wp\/v2\/types\/post"}],"author":[{"embeddable":true,"href":"https:\/\/physik.nawi.at\/index.php\/wp-json\/wp\/v2\/users\/11"}],"replies":[{"embeddable":true,"href":"https:\/\/physik.nawi.at\/index.php\/wp-json\/wp\/v2\/comments?post=2890"}],"version-history":[{"count":0,"href":"https:\/\/physik.nawi.at\/index.php\/wp-json\/wp\/v2\/posts\/2890\/revisions"}],"wp:attachment":[{"href":"https:\/\/physik.nawi.at\/index.php\/wp-json\/wp\/v2\/media?parent=2890"}],"wp:term":[{"taxonomy":"category","embeddable":true,"href":"https:\/\/physik.nawi.at\/index.php\/wp-json\/wp\/v2\/categories?post=2890"},{"taxonomy":"post_tag","embeddable":true,"href":"https:\/\/physik.nawi.at\/index.php\/wp-json\/wp\/v2\/tags?post=2890"}],"curies":[{"name":"wp","href":"https:\/\/api.w.org\/{rel}","templated":true}]}}