{"id":13634,"date":"2023-05-03T15:45:53","date_gmt":"2023-05-03T13:45:53","guid":{"rendered":"https:\/\/physik.nawi.at\/?p=13634"},"modified":"2023-05-04T10:32:00","modified_gmt":"2023-05-04T08:32:00","slug":"unser-stv-kandidatinnen-svenja-pauch-fur-paulina-schlachter","status":"publish","type":"post","link":"https:\/\/physik.nawi.at\/index.php\/unser-stv-kandidatinnen-svenja-pauch-fur-paulina-schlachter\/","title":{"rendered":"Unsere STV-Kandidat*innen Svenja Pauch f\u00fcr Paulina Schlachter"},"content":{"rendered":"<h1>Paulina<\/h1>\n<p>Hiiii!<br \/>\nIch bin Paulina und inzwischen in meinem achten Semester Physik.<br \/>\nAuf der Uni bin ich meistens im Studicenter zu finden, entweder beim Rechnen an der Tafel oder in politische Diskussionen verwickelt.<\/p>\n<p>Wenn ich gerade nicht mit Uni- oder RV-Arbeit besch\u00e4ftigt bin, besch\u00e4ftige ich mich mit Mathematik, Politik, Geschichte, Minecraft oder mache Musik.<\/p>\n<p>Zum Roten Vektor bin ich vor ungef\u00e4hr einem halben Jahr gekommen, nachdem ich \u00fcber Corona hinweg sehr aktiv an politischen Diskusionen im Discord beteiligt war, und darauf hin eingeladen wurde, doch mal bei einem Plenum vorbei zu schauen.<br \/>\nIch finde es wichtig, sich auf der Uni nicht nur aufs eigene Studium zu konzentrieren, sondern auch zu versuchen, andere in ihrem Studium zu unterst\u00fctzen &#8211; auf allen Ebenen vom gemeinsamen Durcharbeiten von \u00dcbungsbl\u00e4ttern bis zur Vertretung in offiziellen \u00d6H-Gremien. Das war auch meine Motivation, mich f\u00fcr die StV-Wahl aufzustellen, was jedoch durch den Zwang zur Benutzung des Deadnames unm\u00f6glich gemacht wurde. Trotzdem bin ich im Wahlkampf pr\u00e4sent, um auf dieses Problem hinzuweisen. Eine Stimme f\u00fcr Svenja ist daher eine Stimme f\u00fcr mich, und eine Stimme f\u00fcr die bessere Bedingungen f\u00fcr Trans*personen an der Physik und auch an der Uni im Allgemeinen.<\/p>\n<p>Und weil alle anderen ein Zitat haben, hab ich auch eins rausgesucht:<br \/>\n&#8220;The human race will begin solving its problems on the day that it ceases taking itself so seriously.&#8221; &#8211; Malaclypse the Younger<\/p>\n<h1>Svenja<\/h1>\n<p>Ich bin Svenja, und weil wir im Vorfeld der Wahl feststellen mussten, dass es an unserer Uni noch immer nicht selbstverst\u00e4ndlich ist, trotz ausdr\u00fccklichem Wunsch, nicht mit dem Deadname in den Verzeichnissen aufzuscheinen, stehe ich statt Paulina als Kandidatin f\u00fcr den Roten Vektor auf dem Stimmzettel f\u00fcr die StV Physik. Ich studiere seit mittlerweile fast vier Jahren Physik, und sogar schon zwei Semester l\u00e4nger Astronomie, und bin auch fast genau so lang schon Teil der Basisgruppe &#8220;Roter Vektor Physik&#8221;, die alle zwei Jahre die Kandidat*innen f\u00fcr eure StV-Wahl stellt. Meine Freizeit verbringe ich am Liebsten mit Sport (Jugger und Tennis), Computerspielen und RPGs, aber ich schaue auch gern mal am Abend Serien oder lese ein gutes Buch.<\/p>\n<p>Im StV-Kontext k\u00fcmmere ich mich vor allem um Gremien-Arbeit, so war ich schon Mitglied mehrerer Berufungskomissionen, und verbringe Regelm\u00e4\u00dfig Zeit damit eure Interessen in Komissionen vor dem Dekanats- und SPL-Team, sowie euren Lehrenden zu vertreten. Ich habe schon mehrere Erstituts geleitet, und wenn ich nicht gerade zu besch\u00e4ftigt bin helfe ich bei den regelm\u00e4\u00dfigen Mate-Bestellungen.<\/p>\n<p>&#8220;While it is always best to believe in oneself, a little help from others can be a great blessing.&#8221; -Uncle Iroh<\/p>\n<p><a href=\"https:\/\/physik.nawi.at\/wp-content\/uploads\/2023\/05\/paulina-svenja-plakat-scaled.jpg\"><img loading=\"lazy\" class=\"alignnone size-large wp-image-13635 lazyload\" data-src=\"https:\/\/physik.nawi.at\/wp-content\/uploads\/2023\/05\/paulina-svenja-plakat-723x1024.jpg\" alt=\"\" width=\"474\" height=\"671\" data-srcset=\"https:\/\/physik.nawi.at\/wp-content\/uploads\/2023\/05\/paulina-svenja-plakat-723x1024.jpg 723w, https:\/\/physik.nawi.at\/wp-content\/uploads\/2023\/05\/paulina-svenja-plakat-212x300.jpg 212w, https:\/\/physik.nawi.at\/wp-content\/uploads\/2023\/05\/paulina-svenja-plakat-768x1087.jpg 768w, https:\/\/physik.nawi.at\/wp-content\/uploads\/2023\/05\/paulina-svenja-plakat-1085x1536.jpg 1085w, https:\/\/physik.nawi.at\/wp-content\/uploads\/2023\/05\/paulina-svenja-plakat-1447x2048.jpg 1447w, https:\/\/physik.nawi.at\/wp-content\/uploads\/2023\/05\/paulina-svenja-plakat-scaled.jpg 1808w\" data-sizes=\"(max-width: 474px) 100vw, 474px\" src=\"data:image\/gif;base64,R0lGODlhAQABAAAAACH5BAEKAAEALAAAAAABAAEAAAICTAEAOw==\" style=\"--smush-placeholder-width: 474px; --smush-placeholder-aspect-ratio: 474\/671;\" \/><noscript><img loading=\"lazy\" class=\"alignnone size-large wp-image-13635\" src=\"https:\/\/physik.nawi.at\/wp-content\/uploads\/2023\/05\/paulina-svenja-plakat-723x1024.jpg\" alt=\"\" width=\"474\" height=\"671\" srcset=\"https:\/\/physik.nawi.at\/wp-content\/uploads\/2023\/05\/paulina-svenja-plakat-723x1024.jpg 723w, https:\/\/physik.nawi.at\/wp-content\/uploads\/2023\/05\/paulina-svenja-plakat-212x300.jpg 212w, https:\/\/physik.nawi.at\/wp-content\/uploads\/2023\/05\/paulina-svenja-plakat-768x1087.jpg 768w, https:\/\/physik.nawi.at\/wp-content\/uploads\/2023\/05\/paulina-svenja-plakat-1085x1536.jpg 1085w, https:\/\/physik.nawi.at\/wp-content\/uploads\/2023\/05\/paulina-svenja-plakat-1447x2048.jpg 1447w, https:\/\/physik.nawi.at\/wp-content\/uploads\/2023\/05\/paulina-svenja-plakat-scaled.jpg 1808w\" sizes=\"(max-width: 474px) 100vw, 474px\" \/><\/noscript><\/a><\/p>\n","protected":false},"excerpt":{"rendered":"<p>Paulina Hiiii! Ich bin Paulina und inzwischen in meinem achten Semester Physik. Auf der Uni bin ich meistens im Studicenter zu finden, entweder beim Rechnen an der Tafel oder in politische Diskussionen verwickelt. Wenn ich gerade nicht mit Uni- oder RV-Arbeit besch\u00e4ftigt bin, besch\u00e4ftige ich mich mit Mathematik, Politik, Geschichte, Minecraft oder mache Musik. Zum [&hellip;]<\/p>\n","protected":false},"author":65,"featured_media":0,"comment_status":"open","ping_status":"open","sticky":false,"template":"","format":"standard","meta":{"wds_primary_category":0,"_wpscppro_dont_share_socialmedia":false,"_wpscppro_custom_social_share_image":0,"_facebook_share_type":"","_twitter_share_type":"","_linkedin_share_type":"","_pinterest_share_type":"","_linkedin_share_type_page":"","_instagram_share_type":"","_medium_share_type":"","_threads_share_type":"","_google_business_share_type":"","_selected_social_profile":[],"_wpsp_enable_custom_social_template":false,"_wpsp_social_scheduling":{"enabled":false,"datetime":null,"platforms":[],"status":"template_only","dateOption":"today","timeOption":"now","customDays":"","customHours":"","customDate":"","customTime":"","schedulingType":"absolute"},"_wpsp_active_default_template":true},"categories":[20],"tags":[],"_links":{"self":[{"href":"https:\/\/physik.nawi.at\/index.php\/wp-json\/wp\/v2\/posts\/13634"}],"collection":[{"href":"https:\/\/physik.nawi.at\/index.php\/wp-json\/wp\/v2\/posts"}],"about":[{"href":"https:\/\/physik.nawi.at\/index.php\/wp-json\/wp\/v2\/types\/post"}],"author":[{"embeddable":true,"href":"https:\/\/physik.nawi.at\/index.php\/wp-json\/wp\/v2\/users\/65"}],"replies":[{"embeddable":true,"href":"https:\/\/physik.nawi.at\/index.php\/wp-json\/wp\/v2\/comments?post=13634"}],"version-history":[{"count":0,"href":"https:\/\/physik.nawi.at\/index.php\/wp-json\/wp\/v2\/posts\/13634\/revisions"}],"wp:attachment":[{"href":"https:\/\/physik.nawi.at\/index.php\/wp-json\/wp\/v2\/media?parent=13634"}],"wp:term":[{"taxonomy":"category","embeddable":true,"href":"https:\/\/physik.nawi.at\/index.php\/wp-json\/wp\/v2\/categories?post=13634"},{"taxonomy":"post_tag","embeddable":true,"href":"https:\/\/physik.nawi.at\/index.php\/wp-json\/wp\/v2\/tags?post=13634"}],"curies":[{"name":"wp","href":"https:\/\/api.w.org\/{rel}","templated":true}]}}