{"id":13221,"date":"2022-11-06T15:59:14","date_gmt":"2022-11-06T14:59:14","guid":{"rendered":"https:\/\/physik.nawi.at\/?p=13221"},"modified":"2022-11-06T16:02:27","modified_gmt":"2022-11-06T15:02:27","slug":"solidaritat-mit-uns-reichts-wer-an-den-unis-spart-spart-an-unser-aller-zukunft","status":"publish","type":"post","link":"https:\/\/physik.nawi.at\/index.php\/solidaritat-mit-uns-reichts-wer-an-den-unis-spart-spart-an-unser-aller-zukunft\/","title":{"rendered":"Solidarit\u00e4t mit Uns Reichts: Wer an den Unis spart, spart an unser aller Zukunft!"},"content":{"rendered":"<p><span class=\"_aacl _aaco _aacu _aacx _aad7 _aade\">DIE UNIS SIND PLEITE! <\/span><\/p>\n<p><span class=\"_aacl _aaco _aacu _aacx _aad7 _aade\">Auch die ohnehin schon unterfinanzierten Universit\u00e4ten sind von der allgemeinen Inflation sowie Energiekostenexplosion massiv getroffen. Allen Unis zusammen fehlen zum Erhalt des Status quo 1.200.000.000\u20ac., der TUW allein 175.000.000\u20ac. Finanzminister und Wissenschaftsminister interessiert das bis dato recht wenig: mit einem Zusatzbudget von 500 Mio Euro, weniger als der H\u00e4lfte des Ben\u00f6tigten, sollen die Unis auskommen. Sie k\u00f6nnen ja bissl sparen.<\/span><\/p>\n<p><span class=\"_aacl _aaco _aacu _aacx _aad7 _aade\">Das Resultat dieser wissenschaftsfeindlichen Politik: Personalk\u00fcrzungen, Anstellungsstopps, geschlossene Labore und Forschungsanlagen, abgesagte Forschungsprojekte, Geb\u00e4udesperren, schlechtere Studienbedingungen und ein langfristiger Schaden an den Unis, von dem sich diese \u00fcber Jahre nicht erholen werden k\u00f6nnen. <\/span><\/p>\n<p><span class=\"_aacl _aaco _aacu _aacx _aad7 _aade\">N\u00e4chste Woche tagt im Parlament der Budgetausschuss, gleichzeitig finden im Wissenschaftsministerium Treffen mit den Universit\u00e4ten statt (derweil ohne Bereitschaft \u00fcber das Budget zu reden). Der beste Zeitpunkt, um Druck aufzubauen und ein gro\u00dfes Zeichen zu setzten, dass ein derartiges Kaputtsparen an unseren Unis nicht einfach hingenommen wird!<\/span><\/p>\n<p>UNS REICHT\u2019S<br \/>\nAm 7.11. findet ein Streik- und Aktionstag an der TU Wien statt, der von vielen anderen Universit\u00e4ten unterst\u00fctzt wird. Von 8:00-12:00 finden Aktionen im Resselpark statt, Lehrveranstaltungen werden ins Freie verlegt. Um 12:00 wird der Unibetrieb weitgehend eingestellt und eine Gro\u00dfdemo startet vom Resselpark Richtung Wissenschaftsministerium!<br \/>\nKommt am 7.11. in den Resselpark und setzen wir ein gemeinsames Zeichen f\u00fcr offene, freie und finanziell abgesicherte Universit\u00e4ten!<\/p>\n<p><strong>Wir werden auch vor Ort sein! Falls du Lust hast mit uns mitzukmmen, dann trifft dich mit uns um 11:15 in der Aula (Fakult\u00e4t f\u00fcr Physik).<\/strong><\/p>\n<p><strong><a href=\"https:\/\/physik.nawi.at\/wp-content\/uploads\/2022\/11\/Screenshot-2022-11-06-at-15-57-53-UNS-REICHTS-@uns.reichts-\u2022-Instagram-Fotos-und-Videos.png\"><img loading=\"lazy\" class=\"alignnone size-full wp-image-13222 lazyload\" data-src=\"https:\/\/physik.nawi.at\/wp-content\/uploads\/2022\/11\/Screenshot-2022-11-06-at-15-57-53-UNS-REICHTS-@uns.reichts-\u2022-Instagram-Fotos-und-Videos.png\" alt=\"\" width=\"760\" height=\"760\" data-srcset=\"https:\/\/physik.nawi.at\/wp-content\/uploads\/2022\/11\/Screenshot-2022-11-06-at-15-57-53-UNS-REICHTS-@uns.reichts-\u2022-Instagram-Fotos-und-Videos.png 760w, https:\/\/physik.nawi.at\/wp-content\/uploads\/2022\/11\/Screenshot-2022-11-06-at-15-57-53-UNS-REICHTS-@uns.reichts-\u2022-Instagram-Fotos-und-Videos-300x300.png 300w, https:\/\/physik.nawi.at\/wp-content\/uploads\/2022\/11\/Screenshot-2022-11-06-at-15-57-53-UNS-REICHTS-@uns.reichts-\u2022-Instagram-Fotos-und-Videos-150x150.png 150w\" data-sizes=\"(max-width: 760px) 100vw, 760px\" src=\"data:image\/gif;base64,R0lGODlhAQABAAAAACH5BAEKAAEALAAAAAABAAEAAAICTAEAOw==\" style=\"--smush-placeholder-width: 760px; --smush-placeholder-aspect-ratio: 760\/760;\" \/><noscript><img loading=\"lazy\" class=\"alignnone size-full wp-image-13222\" src=\"https:\/\/physik.nawi.at\/wp-content\/uploads\/2022\/11\/Screenshot-2022-11-06-at-15-57-53-UNS-REICHTS-@uns.reichts-\u2022-Instagram-Fotos-und-Videos.png\" alt=\"\" width=\"760\" height=\"760\" srcset=\"https:\/\/physik.nawi.at\/wp-content\/uploads\/2022\/11\/Screenshot-2022-11-06-at-15-57-53-UNS-REICHTS-@uns.reichts-\u2022-Instagram-Fotos-und-Videos.png 760w, https:\/\/physik.nawi.at\/wp-content\/uploads\/2022\/11\/Screenshot-2022-11-06-at-15-57-53-UNS-REICHTS-@uns.reichts-\u2022-Instagram-Fotos-und-Videos-300x300.png 300w, https:\/\/physik.nawi.at\/wp-content\/uploads\/2022\/11\/Screenshot-2022-11-06-at-15-57-53-UNS-REICHTS-@uns.reichts-\u2022-Instagram-Fotos-und-Videos-150x150.png 150w\" sizes=\"(max-width: 760px) 100vw, 760px\" \/><\/noscript><\/a><\/strong><\/p>\n","protected":false},"excerpt":{"rendered":"<p>DIE UNIS SIND PLEITE! Auch die ohnehin schon unterfinanzierten Universit\u00e4ten sind von der allgemeinen Inflation sowie Energiekostenexplosion massiv getroffen. Allen Unis zusammen fehlen zum Erhalt des Status quo 1.200.000.000\u20ac., der TUW allein 175.000.000\u20ac. Finanzminister und Wissenschaftsminister interessiert das bis dato recht wenig: mit einem Zusatzbudget von 500 Mio Euro, weniger als der H\u00e4lfte des Ben\u00f6tigten, [&hellip;]<\/p>\n","protected":false},"author":65,"featured_media":0,"comment_status":"open","ping_status":"open","sticky":false,"template":"","format":"standard","meta":{"wds_primary_category":0,"_wpscppro_dont_share_socialmedia":false,"_wpscppro_custom_social_share_image":0,"_facebook_share_type":"","_twitter_share_type":"","_linkedin_share_type":"","_pinterest_share_type":"","_linkedin_share_type_page":"","_instagram_share_type":"","_medium_share_type":"","_threads_share_type":"","_google_business_share_type":"","_selected_social_profile":[],"_wpsp_enable_custom_social_template":false,"_wpsp_social_scheduling":{"enabled":false,"datetime":null,"platforms":[],"status":"template_only","dateOption":"today","timeOption":"now","customDays":"","customHours":"","customDate":"","customTime":"","schedulingType":"absolute"},"_wpsp_active_default_template":true},"categories":[20],"tags":[],"_links":{"self":[{"href":"https:\/\/physik.nawi.at\/index.php\/wp-json\/wp\/v2\/posts\/13221"}],"collection":[{"href":"https:\/\/physik.nawi.at\/index.php\/wp-json\/wp\/v2\/posts"}],"about":[{"href":"https:\/\/physik.nawi.at\/index.php\/wp-json\/wp\/v2\/types\/post"}],"author":[{"embeddable":true,"href":"https:\/\/physik.nawi.at\/index.php\/wp-json\/wp\/v2\/users\/65"}],"replies":[{"embeddable":true,"href":"https:\/\/physik.nawi.at\/index.php\/wp-json\/wp\/v2\/comments?post=13221"}],"version-history":[{"count":0,"href":"https:\/\/physik.nawi.at\/index.php\/wp-json\/wp\/v2\/posts\/13221\/revisions"}],"wp:attachment":[{"href":"https:\/\/physik.nawi.at\/index.php\/wp-json\/wp\/v2\/media?parent=13221"}],"wp:term":[{"taxonomy":"category","embeddable":true,"href":"https:\/\/physik.nawi.at\/index.php\/wp-json\/wp\/v2\/categories?post=13221"},{"taxonomy":"post_tag","embeddable":true,"href":"https:\/\/physik.nawi.at\/index.php\/wp-json\/wp\/v2\/tags?post=13221"}],"curies":[{"name":"wp","href":"https:\/\/api.w.org\/{rel}","templated":true}]}}