{"id":12490,"date":"2021-04-01T12:00:45","date_gmt":"2021-04-01T10:00:45","guid":{"rendered":"https:\/\/physik.nawi.at\/?p=12490"},"modified":"2021-04-01T12:29:28","modified_gmt":"2021-04-01T10:29:28","slug":"angriff-auf-das-demokratische-grundrecht-der-studierenden","status":"publish","type":"post","link":"https:\/\/physik.nawi.at\/index.php\/angriff-auf-das-demokratische-grundrecht-der-studierenden\/","title":{"rendered":"Angriff auf das demokratische Grundrecht der Studierenden!"},"content":{"rendered":"<p>Von <strong>18. bis 20. Mai 2021<\/strong> finden wieder \u00d6H Wahlen statt. Hier k\u00f6nnt ihr die Bundesvertretung (BV), Universit\u00e4tsvertretung (UV) und die Studierendenvertretung (StV) w\u00e4hlen, m\u00f6chte man meinen. Die StV wird dieses Jahr, wie bisher in Pr\u00e4senz gew\u00e4hlt!<\/p>\n<p>Falls die Regierung es noch immer nicht mitbekommen hat, \u00d6sterreich befindet sich immer noch mitten in der Covid-19-Krise und durch das super Management deren wird f\u00fcr Mai noch immer kein Pr\u00e4senzunterricht vorgesehen!<\/p>\n<p>Daher ist eine Pr\u00e4senzwahl der StV nicht tragbar und schlie\u00dft Studierende aus, die nicht im Universit\u00e4tsort leben oder zu den Risikogruppen geh\u00f6ren!<\/p>\n<p><strong>Was kann dagegen gemacht werden?<\/strong><br \/>\nIm ersten Schritt empfehlen wir, <a href=\"https:\/\/mein.aufstehn.at\/petitions\/wahlrecht-fur-alle-und-auf-allen-ebenen-mit-der-oh-durch-jede-krise-aber-nur-mit-deiner-stimme\">die Petition zu unterschreiben und zu teilen<\/a>!<\/p>\n<p>Wir werden euch am Laufenden halten, wenn weiter Aktionen geplant sind.<\/p>\n<blockquote><p><em>Wenn das Recht zum W\u00e4hlen angegriffen wird, ist es unsere Pflicht ungem\u00fctlich zu werden.<\/em><\/p><\/blockquote>\n","protected":false},"excerpt":{"rendered":"<p>Von 18. bis 20. Mai 2021 finden wieder \u00d6H Wahlen statt. Hier k\u00f6nnt ihr die Bundesvertretung (BV), Universit\u00e4tsvertretung (UV) und die Studierendenvertretung (StV) w\u00e4hlen, m\u00f6chte man meinen. Die StV wird dieses Jahr, wie bisher in Pr\u00e4senz gew\u00e4hlt! Falls die Regierung es noch immer nicht mitbekommen hat, \u00d6sterreich befindet sich immer noch mitten in der Covid-19-Krise [&hellip;]<\/p>\n","protected":false},"author":65,"featured_media":0,"comment_status":"open","ping_status":"open","sticky":false,"template":"","format":"standard","meta":{"wds_primary_category":0,"_wpscppro_dont_share_socialmedia":false,"_wpscppro_custom_social_share_image":0,"_facebook_share_type":"","_twitter_share_type":"","_linkedin_share_type":"","_pinterest_share_type":"","_linkedin_share_type_page":"","_instagram_share_type":"","_medium_share_type":"","_threads_share_type":"","_google_business_share_type":"","_selected_social_profile":[],"_wpsp_enable_custom_social_template":false,"_wpsp_social_scheduling":{"enabled":false,"datetime":null,"platforms":[],"status":"template_only","dateOption":"today","timeOption":"now","customDays":"","customHours":"","customDate":"","customTime":"","schedulingType":"absolute"},"_wpsp_active_default_template":true},"categories":[20],"tags":[],"_links":{"self":[{"href":"https:\/\/physik.nawi.at\/index.php\/wp-json\/wp\/v2\/posts\/12490"}],"collection":[{"href":"https:\/\/physik.nawi.at\/index.php\/wp-json\/wp\/v2\/posts"}],"about":[{"href":"https:\/\/physik.nawi.at\/index.php\/wp-json\/wp\/v2\/types\/post"}],"author":[{"embeddable":true,"href":"https:\/\/physik.nawi.at\/index.php\/wp-json\/wp\/v2\/users\/65"}],"replies":[{"embeddable":true,"href":"https:\/\/physik.nawi.at\/index.php\/wp-json\/wp\/v2\/comments?post=12490"}],"version-history":[{"count":0,"href":"https:\/\/physik.nawi.at\/index.php\/wp-json\/wp\/v2\/posts\/12490\/revisions"}],"wp:attachment":[{"href":"https:\/\/physik.nawi.at\/index.php\/wp-json\/wp\/v2\/media?parent=12490"}],"wp:term":[{"taxonomy":"category","embeddable":true,"href":"https:\/\/physik.nawi.at\/index.php\/wp-json\/wp\/v2\/categories?post=12490"},{"taxonomy":"post_tag","embeddable":true,"href":"https:\/\/physik.nawi.at\/index.php\/wp-json\/wp\/v2\/tags?post=12490"}],"curies":[{"name":"wp","href":"https:\/\/api.w.org\/{rel}","templated":true}]}}