{"id":12412,"date":"2021-03-08T18:00:01","date_gmt":"2021-03-08T17:00:01","guid":{"rendered":"https:\/\/physik.nawi.at\/?p=12412"},"modified":"2021-03-06T15:16:29","modified_gmt":"2021-03-06T14:16:29","slug":"bildung-fur-alle-sonst-gibts-krawalle","status":"publish","type":"post","link":"https:\/\/physik.nawi.at\/index.php\/bildung-fur-alle-sonst-gibts-krawalle\/","title":{"rendered":"Bildung f\u00fcr Alle, sonst gibt\u2019s Krawalle!"},"content":{"rendered":"<p>Am Mittwoch den 10.3.21 findet eine Kundgebung zur aktuellen UG-Novelle statt. Wir werden uns das, nat\u00fcrlich nicht entgehen lassen und lautstark vor Ort sein. Wir freuen uns \u00fcber jede*n Mitschreiter*in.<\/p>\n<p>Die wichtigsten Daten:<br \/>\nDate: 10.03.21<br \/>\nStart: 14 Uhr<br \/>\nOrt: Held*innenplatz<\/p>\n<p>UNS REICHT&#8217;S:<br \/>\n&#8220;Am 10.3. wird die UG-Novelle im Wissenschaftsausschuss behandelt &#8211; das werden wir nicht unkommentiert lassen! Egal ob 24 oder 16 ECTS \u2013 jeder Punkt Mindeststudienleistung ist zu viel! Auch auf das &#8220;Spiel&#8221; mit den 8 Jahren f\u00fcr prek\u00e4r Angestellte lassen wir uns nicht ein.&#8221;<\/p>\n<p>Corona:<br \/>\n<span class=\"d2edcug0 hpfvmrgz qv66sw1b c1et5uql rrkovp55 a8c37x1j keod5gw0 nxhoafnm aigsh9s9 d3f4x2em fe6kdd0r mau55g9w c8b282yb iv3no6db jq4qci2q a3bd9o3v knj5qynh oo9gr5id\" dir=\"auto\">Tragt bitte w\u00e4hrend der gesamten Kundgebung eine Maske und haltet zu anderen Menschen 2 Meter Abstand. N\u00fctzt die gratis Testm\u00f6glichkeiten in Wien.<\/span><\/p>\n<p>Weiter Informationen zur Veranstaltung findest du auf <a href=\"https:\/\/www.facebook.com\/events\/466402097824658\/?acontext=%7B%22ref%22%3A%2252%22%2C%22action_history%22%3A%22[%7B%5C%22surface%5C%22%3A%5C%22share_link%5C%22%2C%5C%22mechanism%5C%22%3A%5C%22share_link%5C%22%2C%5C%22extra_data%5C%22%3A%7B%5C%22invite_link_id%5C%22%3A276173940554523%7D%7D]%22%7D\">Facebook<\/a> oder unter <a href=\"https:\/\/www.unsreichts.eu\/neuigkeiten\/kundgebung-10-03-bildung-fur-alle-sonst-gibts-krawalle\">https:\/\/www.unsreichts.eu\/neuigkeiten\/kundgebung-10-03-bildung-fur-alle-sonst-gibts-krawalle<\/a><\/p>\n","protected":false},"excerpt":{"rendered":"<p>Am Mittwoch den 10.3.21 findet eine Kundgebung zur aktuellen UG-Novelle statt. Wir werden uns das, nat\u00fcrlich nicht entgehen lassen und lautstark vor Ort sein. Wir freuen uns \u00fcber jede*n Mitschreiter*in. Die wichtigsten Daten: Date: 10.03.21 Start: 14 Uhr Ort: Held*innenplatz UNS REICHT&#8217;S: &#8220;Am 10.3. wird die UG-Novelle im Wissenschaftsausschuss behandelt &#8211; das werden wir nicht [&hellip;]<\/p>\n","protected":false},"author":65,"featured_media":0,"comment_status":"open","ping_status":"open","sticky":false,"template":"","format":"standard","meta":{"wds_primary_category":0,"_wpscppro_dont_share_socialmedia":false,"_wpscppro_custom_social_share_image":0,"_facebook_share_type":"","_twitter_share_type":"","_linkedin_share_type":"","_pinterest_share_type":"","_linkedin_share_type_page":"","_instagram_share_type":"","_medium_share_type":"","_threads_share_type":"","_google_business_share_type":"","_selected_social_profile":[],"_wpsp_enable_custom_social_template":false,"_wpsp_social_scheduling":{"enabled":false,"datetime":null,"platforms":[],"status":"template_only","dateOption":"today","timeOption":"now","customDays":"","customHours":"","customDate":"","customTime":"","schedulingType":"absolute"},"_wpsp_active_default_template":true},"categories":[20],"tags":[],"_links":{"self":[{"href":"https:\/\/physik.nawi.at\/index.php\/wp-json\/wp\/v2\/posts\/12412"}],"collection":[{"href":"https:\/\/physik.nawi.at\/index.php\/wp-json\/wp\/v2\/posts"}],"about":[{"href":"https:\/\/physik.nawi.at\/index.php\/wp-json\/wp\/v2\/types\/post"}],"author":[{"embeddable":true,"href":"https:\/\/physik.nawi.at\/index.php\/wp-json\/wp\/v2\/users\/65"}],"replies":[{"embeddable":true,"href":"https:\/\/physik.nawi.at\/index.php\/wp-json\/wp\/v2\/comments?post=12412"}],"version-history":[{"count":0,"href":"https:\/\/physik.nawi.at\/index.php\/wp-json\/wp\/v2\/posts\/12412\/revisions"}],"wp:attachment":[{"href":"https:\/\/physik.nawi.at\/index.php\/wp-json\/wp\/v2\/media?parent=12412"}],"wp:term":[{"taxonomy":"category","embeddable":true,"href":"https:\/\/physik.nawi.at\/index.php\/wp-json\/wp\/v2\/categories?post=12412"},{"taxonomy":"post_tag","embeddable":true,"href":"https:\/\/physik.nawi.at\/index.php\/wp-json\/wp\/v2\/tags?post=12412"}],"curies":[{"name":"wp","href":"https:\/\/api.w.org\/{rel}","templated":true}]}}