{"id":12399,"date":"2021-03-02T20:42:50","date_gmt":"2021-03-02T19:42:50","guid":{"rendered":"https:\/\/physik.nawi.at\/?p=12399"},"modified":"2021-03-02T20:42:50","modified_gmt":"2021-03-02T19:42:50","slug":"bildung-brennt-weiter","status":"publish","type":"post","link":"https:\/\/physik.nawi.at\/index.php\/bildung-brennt-weiter\/","title":{"rendered":"Bildung brennt weiter!"},"content":{"rendered":"<p>Morgen findet wieder eine Demo zur UG-Novelle statt! Wir werden nat\u00fcrlich anwesend sein und hoffen auch viele von euch zu sehen.<\/p>\n<p>Die wichtigsten Daten:<br \/>\nDate: 03.03.21<br \/>\nStart: 15 Uhr<br \/>\nStartpunkt: <span class=\"d2edcug0 hpfvmrgz qv66sw1b c1et5uql rrkovp55 a8c37x1j keod5gw0 nxhoafnm aigsh9s9 d3f4x2em fe6kdd0r mau55g9w c8b282yb iv3no6db jq4qci2q a3bd9o3v knj5qynh oo9gr5id\" dir=\"auto\">Christian- Broda -Platz (Mariahilfer Stra\u00dfe\/Westbahnhof)<\/span><br \/>\nEndpunkt: Votivpark<\/p>\n<p>Corona:<br \/>\n<span class=\"d2edcug0 hpfvmrgz qv66sw1b c1et5uql rrkovp55 a8c37x1j keod5gw0 nxhoafnm aigsh9s9 d3f4x2em fe6kdd0r mau55g9w c8b282yb iv3no6db jq4qci2q a3bd9o3v knj5qynh oo9gr5id\" dir=\"auto\">Das Tragen einer FFP2 Maske und Abstand halten sind ein Muss! Das Corona-Awareness-Team vor Ort wird f\u00fcr die Einhaltung der Corona-Ma\u00dfnahmen sorgen und au\u00dferdem findet ihr dort im Notfall Desinfektionsmittel und FPP2-Masken.<\/span><\/p>\n<p>Falls Demos nicht so eure Sache ist, ihr aber dennoch was beitragen wollts, dann gibt es hier eine Ideensamlung: <a href=\"https:\/\/bildung-brennt.at\/aktionsideen-ideas-for-actions\/\">https:\/\/bildung-brennt.at\/aktionsideen-ideas-for-actions\/<\/a><\/p>\n<p>Weiter Informationen zur Veranstaltung findest du auf <a href=\"https:\/\/www.facebook.com\/events\/428330368241927\">Facebook<\/a> oder unter <a href=\"https:\/\/bildung-brennt.at\/\">https:\/\/bildung-brennt.at\/<\/a><\/p>\n","protected":false},"excerpt":{"rendered":"<p>Morgen findet wieder eine Demo zur UG-Novelle statt! Wir werden nat\u00fcrlich anwesend sein und hoffen auch viele von euch zu sehen. Die wichtigsten Daten: Date: 03.03.21 Start: 15 Uhr Startpunkt: Christian- Broda -Platz (Mariahilfer Stra\u00dfe\/Westbahnhof) Endpunkt: Votivpark Corona: Das Tragen einer FFP2 Maske und Abstand halten sind ein Muss! Das Corona-Awareness-Team vor Ort wird f\u00fcr [&hellip;]<\/p>\n","protected":false},"author":65,"featured_media":0,"comment_status":"open","ping_status":"open","sticky":false,"template":"","format":"standard","meta":{"wds_primary_category":0,"_wpscppro_dont_share_socialmedia":false,"_wpscppro_custom_social_share_image":0,"_facebook_share_type":"","_twitter_share_type":"","_linkedin_share_type":"","_pinterest_share_type":"","_linkedin_share_type_page":"","_instagram_share_type":"","_medium_share_type":"","_threads_share_type":"","_google_business_share_type":"","_selected_social_profile":[],"_wpsp_enable_custom_social_template":false,"_wpsp_social_scheduling":{"enabled":false,"datetime":null,"platforms":[],"status":"template_only","dateOption":"today","timeOption":"now","customDays":"","customHours":"","customDate":"","customTime":"","schedulingType":"absolute"},"_wpsp_active_default_template":true},"categories":[20],"tags":[],"_links":{"self":[{"href":"https:\/\/physik.nawi.at\/index.php\/wp-json\/wp\/v2\/posts\/12399"}],"collection":[{"href":"https:\/\/physik.nawi.at\/index.php\/wp-json\/wp\/v2\/posts"}],"about":[{"href":"https:\/\/physik.nawi.at\/index.php\/wp-json\/wp\/v2\/types\/post"}],"author":[{"embeddable":true,"href":"https:\/\/physik.nawi.at\/index.php\/wp-json\/wp\/v2\/users\/65"}],"replies":[{"embeddable":true,"href":"https:\/\/physik.nawi.at\/index.php\/wp-json\/wp\/v2\/comments?post=12399"}],"version-history":[{"count":0,"href":"https:\/\/physik.nawi.at\/index.php\/wp-json\/wp\/v2\/posts\/12399\/revisions"}],"wp:attachment":[{"href":"https:\/\/physik.nawi.at\/index.php\/wp-json\/wp\/v2\/media?parent=12399"}],"wp:term":[{"taxonomy":"category","embeddable":true,"href":"https:\/\/physik.nawi.at\/index.php\/wp-json\/wp\/v2\/categories?post=12399"},{"taxonomy":"post_tag","embeddable":true,"href":"https:\/\/physik.nawi.at\/index.php\/wp-json\/wp\/v2\/tags?post=12399"}],"curies":[{"name":"wp","href":"https:\/\/api.w.org\/{rel}","templated":true}]}}