{"id":12076,"date":"2020-10-16T20:00:27","date_gmt":"2020-10-16T18:00:27","guid":{"rendered":"https:\/\/physik.nawi.at\/?p=12076"},"modified":"2020-10-16T21:06:33","modified_gmt":"2020-10-16T19:06:33","slug":"marsch-furs-leben-die-holle-heiss-machen","status":"publish","type":"post","link":"https:\/\/physik.nawi.at\/index.php\/marsch-furs-leben-die-holle-heiss-machen\/","title":{"rendered":"\u201cMARSCH F\u00dcRS LEBEN\u201d DIE H\u00d6LLE HEISS MACHEN!"},"content":{"rendered":"<div class=\"kvgmc6g5 cxmmr5t8 oygrvhab hcukyx3x c1et5uql\">Am 17. Oktber 2020 wollen wir gemeinsam gegen den \u201cMarsch f\u00fcrs Leben\u201d protestieren. Organisiert wird der Marsch von der christlich-fundamentalistische \u201eJugend f\u00fcr das Leben\u201c (weitere Infos dazu unter <a class=\"oajrlxb2 g5ia77u1 qu0x051f esr5mh6w e9989ue4 r7d6kgcz rq0escxv nhd2j8a9 nc684nl6 p7hjln8o kvgmc6g5 cxmmr5t8 oygrvhab hcukyx3x jb3vyjys rz4wbd8a qt6c0cv9 a8nywdso i1ao9s8h esuyzwwr f1sip0of lzcic4wl py34i1dx gpro0wi8\" tabindex=\"0\" role=\"link\" href=\"https:\/\/fida-blog.info\/wp\/recherche\/marsch-furs-leben\/?fbclid=IwAR3MkYf2SWVjO371kBKWKP87vepwXL4WoDnSPQbA9a5Y5bqhDbBAlgTiUE8\" target=\"_blank\" rel=\"nofollow noopener noreferrer\">https:\/\/fida-blog.info\/wp\/recherche\/marsch-furs-leben\/<\/a>). Mit diesem j\u00e4hrlich stattfindenen Event demonstrieren sie gegen das Recht auf Schwangerschaftsabbr\u00fcche.<\/div>\n<div class=\"o9v6fnle cxmmr5t8 oygrvhab hcukyx3x c1et5uql\">Wir k\u00e4mpfen f\u00fcr die Selbstbestimmung \u00fcber den eigenen K\u00f6rper. Der Kampf um reproduktive Rechte betrifft nicht nur Frauen*, sondern auch trans*, inter* und non-binary Menschen. Die \u201cJugend f\u00fcr das Leben\u201d verfolgt das Ziel, den Zugang zu Schwangerschaftsabbr\u00fcchen rechtlich zu erschweren, zu delegitimieren und in weiterer Folge zu verunm\u00f6glichen. Diese Forderungen sind paternalistisch und FLINT*-feindlich. Gerade jetzt w\u00e4hrend der Corona-Pandemie ist (z.B. durch Grenzschlie\u00dfungen) f\u00fcr viele Menschen der Zugang zu Schwangerschaftsabbr\u00fcchen noch schwerer als ohnehin schon.<\/div>\n<div class=\"o9v6fnle cxmmr5t8 oygrvhab hcukyx3x c1et5uql\">Deshalb protestieren wir am 17.10. gegen den diesj\u00e4hrigen \u201cMarsch f\u00fcrs Leben\u201d! Die genauen Orte unserer angemeldeten Kundgebungen werden wir in den n\u00e4chsten Tagen bekannt geben \u2013 stay tuned! (Die Fundis treffen sich nach ihrem Gottestdienst um 12 Uhr in der Karlskirche um 13:30 Uhr am Karlsplatz.)<\/div>\n<div class=\"o9v6fnle cxmmr5t8 oygrvhab hcukyx3x c1et5uql\"><\/div>\n<div class=\"o9v6fnle cxmmr5t8 oygrvhab hcukyx3x c1et5uql\">Bildet Banden, stellen wir uns ihnen gemeinsam in den Weg!<br \/>\nNieder mit dem Patriarchat! Pro Choice is ois!<\/div>\n","protected":false},"excerpt":{"rendered":"<p>Am 17. Oktber 2020 wollen wir gemeinsam gegen den \u201cMarsch f\u00fcrs Leben\u201d protestieren. Organisiert wird der Marsch von der christlich-fundamentalistische \u201eJugend f\u00fcr das Leben\u201c (weitere Infos dazu unter https:\/\/fida-blog.info\/wp\/recherche\/marsch-furs-leben\/). Mit diesem j\u00e4hrlich stattfindenen Event demonstrieren sie gegen das Recht auf Schwangerschaftsabbr\u00fcche. Wir k\u00e4mpfen f\u00fcr die Selbstbestimmung \u00fcber den eigenen K\u00f6rper. Der Kampf um reproduktive Rechte [&hellip;]<\/p>\n","protected":false},"author":65,"featured_media":0,"comment_status":"open","ping_status":"open","sticky":false,"template":"","format":"standard","meta":{"wds_primary_category":0,"_wpscppro_dont_share_socialmedia":false,"_wpscppro_custom_social_share_image":0,"_facebook_share_type":"","_twitter_share_type":"","_linkedin_share_type":"","_pinterest_share_type":"","_linkedin_share_type_page":"","_instagram_share_type":"","_medium_share_type":"","_threads_share_type":"","_google_business_share_type":"","_selected_social_profile":[],"_wpsp_enable_custom_social_template":false,"_wpsp_social_scheduling":{"enabled":false,"datetime":null,"platforms":[],"status":"template_only","dateOption":"today","timeOption":"now","customDays":"","customHours":"","customDate":"","customTime":"","schedulingType":"absolute"},"_wpsp_active_default_template":true},"categories":[20],"tags":[],"_links":{"self":[{"href":"https:\/\/physik.nawi.at\/index.php\/wp-json\/wp\/v2\/posts\/12076"}],"collection":[{"href":"https:\/\/physik.nawi.at\/index.php\/wp-json\/wp\/v2\/posts"}],"about":[{"href":"https:\/\/physik.nawi.at\/index.php\/wp-json\/wp\/v2\/types\/post"}],"author":[{"embeddable":true,"href":"https:\/\/physik.nawi.at\/index.php\/wp-json\/wp\/v2\/users\/65"}],"replies":[{"embeddable":true,"href":"https:\/\/physik.nawi.at\/index.php\/wp-json\/wp\/v2\/comments?post=12076"}],"version-history":[{"count":0,"href":"https:\/\/physik.nawi.at\/index.php\/wp-json\/wp\/v2\/posts\/12076\/revisions"}],"wp:attachment":[{"href":"https:\/\/physik.nawi.at\/index.php\/wp-json\/wp\/v2\/media?parent=12076"}],"wp:term":[{"taxonomy":"category","embeddable":true,"href":"https:\/\/physik.nawi.at\/index.php\/wp-json\/wp\/v2\/categories?post=12076"},{"taxonomy":"post_tag","embeddable":true,"href":"https:\/\/physik.nawi.at\/index.php\/wp-json\/wp\/v2\/tags?post=12076"}],"curies":[{"name":"wp","href":"https:\/\/api.w.org\/{rel}","templated":true}]}}