{"id":11261,"date":"2019-10-04T12:00:33","date_gmt":"2019-10-04T10:00:33","guid":{"rendered":"https:\/\/physik.nawi.at\/?p=11261"},"modified":"2019-10-06T23:31:22","modified_gmt":"2019-10-06T21:31:22","slug":"arbeit-studium-engagement-die-universitat-wien-als-arbeitsplatz-und-ort-politischen-handelns","status":"publish","type":"post","link":"https:\/\/physik.nawi.at\/index.php\/arbeit-studium-engagement-die-universitat-wien-als-arbeitsplatz-und-ort-politischen-handelns\/","title":{"rendered":"ARBEIT \u2013 STUDIUM \u2013 ENGAGEMENT Die Universit\u00e4t Wien als Arbeitsplatz und Ort politischen Handelns"},"content":{"rendered":"\n<p><strong>Dienstag, 15. Oktober 2019, 18.30-21.00 Uhr<\/strong><br>Institut f\u00fcr Kultur- und Sozialanthropologie, HS A&nbsp;<br>1010 Wien, Universit\u00e4tsstra\u00dfe 7, NIG 4. Stock\n\n<\/p>\n\n\n\n<p><strong>Idee<\/strong><br>Die  Universit\u00e4t Wien ist eine hochkomplexe Expert*innenorganisation, deren  Strukturen von vielen, die in dieser Organisation arbeiten und  studieren, als\u00a0\u201eintransparent\u201c, \u201ehierarchisch\u201c, \u201ekompliziert\u201c oder auch \u201eexklusiv\u201c erlebt werden.\u00a0<br>Das  hindert viele, die mit der Universit\u00e4t auf die eine oder anderen Weise  zu tun haben, sich eingehender mit diesem Ort des Wissens (und  politischen Handelns) auseinanderzusetzen oder sich selbst aktiv f\u00fcr  eine Verbesserung der Studien- oder Arbeitsbedingungen innerhalb der  Organisation einzusetzen. Das soll sich \u00e4ndern.\u00a0\u00a0<\/p>\n\n\n\n<p>Die Initiator*innen der Veranstaltung laden alle Interessierten ein, um \u2026<\/p>\n\n\n\n<p>\u00ae&nbsp;&nbsp;&nbsp;&nbsp;&nbsp;\u2026 \u00fcber den strukturellen Aufbau der Universit\u00e4t, die Funktionen von Mitarbeiter*innen und ihre unterschiedlichen&nbsp;<br>Anstellungsverh\u00e4ltnisse transparent zu informieren,&nbsp;<\/p>\n\n\n\n<p>\u00ae&nbsp;&nbsp;&nbsp;&nbsp;&nbsp;\u2026 die Diversit\u00e4t an Qualifikationen und universit\u00e4ren Besch\u00e4ftigungsverh\u00e4ltnissen sichtbar zu machen,<\/p>\n\n\n\n<p>\u00ae&nbsp;&nbsp;&nbsp;&nbsp;&nbsp;\u2026 jene Gremien und Interessensvertretungen zu benennen, in denen sich Mitarbeiter*innen und Studierende&nbsp;<br>zu einem guten Teil ehrenamtlich universit\u00e4tspolitisch engagieren,&nbsp;<\/p>\n\n\n\n<p>\u00ae&nbsp;&nbsp;&nbsp;&nbsp;&nbsp;\u2026 jene politischen Handlungsspielr\u00e4ume innerhalb universit\u00e4rer Strukturen darzustellen, die von Wissenschaftler*innen,&nbsp;<br>Studierenden\n oder Mitarbeiter*innen des allgemeinen\/ administrativen Personals \ngenutzt werden k\u00f6nnen, um Universit\u00e4t(en) aktiv mitzugestalten.&nbsp;<\/p>\n\n\n\n<p><strong>Zielgruppe<br><\/strong>Studierende der Universit\u00e4t Wien und alle an der Universit\u00e4t Wien interessierte Personen<\/p>\n\n\n\n<p><strong>Programm: 18.30-20.30 Uhr<br><\/strong>Moderation | Aurelia Weikert (Lektorin, Mitglied IG LektorInnen, Betriebsr\u00e4tin f\u00fcr das wiss. Personal)<br><br><strong>Impulsreferate&nbsp;<\/strong>(10-15min.) mit jeweils anschlie\u00dfender Diskussionsrunde:<\/p>\n\n\n\n<ul><li><strong>\u201eDie Universit\u00e4t als Expert*innenorganisation: \u00dcber universit\u00e4re Strukturen, Gremien und politisches Engagement\u201c<br><\/strong>Maria Dabringer (Lektorin, Mitglied IG LektorInnen und WissensarbeiterInnen, Betriebsr\u00e4tin f\u00fcr das wiss. Personal)<\/li><li><strong>\u201eStudienvertretung und die IG KSA \u2013 Ressourcen und Zug\u00e4nge zur Selbstorganisation\u201c<br><\/strong>Clemens Schmid (Bachelorstudent, Institutsgruppe Kultur- und Sozialanthropologie)<\/li><li><strong>\u201eEingebunden oder au\u00dfen vor? Die vielf\u00e4ltigen Realit\u00e4ten von Doktorand*innen\u201c<br><\/strong>Ralph Chan &amp; Vera Schwarz (Doktorand*innen, Studienrichtungsvertretung Doktorat Sozialwissenschaften)<\/li><li><strong>\u201e<\/strong><strong>IG LektorInnen &#8211; Gegen prek\u00e4re Verh\u00e4ltnisse, f\u00fcr Perspektiven in Forschung und Lehre.&nbsp;<br>Politische Handlungsspielr\u00e4ume an der Universit\u00e4t (Wien)\u201c<\/strong><br>Christian Cargnelli (Lektor, Pr\u00e4sident IG LektorInnen und WissensarbeiterInnen, Betriebsrat f\u00fcr das wiss. Personal)<\/li><\/ul>\n\n\n\n<p><strong>Ausklang der Veranstaltung bei Brot und Wein<\/strong><\/p>\n","protected":false},"excerpt":{"rendered":"<p>Dienstag, 15. Oktober 2019, 18.30-21.00 UhrInstitut f\u00fcr Kultur- und Sozialanthropologie, HS A&nbsp;1010 Wien, Universit\u00e4tsstra\u00dfe 7, NIG 4. Stock IdeeDie Universit\u00e4t Wien ist eine hochkomplexe Expert*innenorganisation, deren Strukturen von vielen, die in dieser Organisation arbeiten und studieren, als\u00a0\u201eintransparent\u201c, \u201ehierarchisch\u201c, \u201ekompliziert\u201c oder auch \u201eexklusiv\u201c erlebt werden.\u00a0Das hindert viele, die mit der Universit\u00e4t auf die eine oder anderen [&hellip;]<\/p>\n","protected":false},"author":65,"featured_media":0,"comment_status":"open","ping_status":"open","sticky":false,"template":"","format":"standard","meta":{"wds_primary_category":0,"_wpscppro_dont_share_socialmedia":false,"_wpscppro_custom_social_share_image":0,"_facebook_share_type":"","_twitter_share_type":"","_linkedin_share_type":"","_pinterest_share_type":"","_linkedin_share_type_page":"","_instagram_share_type":"","_medium_share_type":"","_threads_share_type":"","_google_business_share_type":"","_selected_social_profile":[],"_wpsp_enable_custom_social_template":false,"_wpsp_social_scheduling":{"enabled":false,"datetime":null,"platforms":[],"status":"template_only","dateOption":"today","timeOption":"now","customDays":"","customHours":"","customDate":"","customTime":"","schedulingType":"absolute"},"_wpsp_active_default_template":true},"categories":[20],"tags":[],"_links":{"self":[{"href":"https:\/\/physik.nawi.at\/index.php\/wp-json\/wp\/v2\/posts\/11261"}],"collection":[{"href":"https:\/\/physik.nawi.at\/index.php\/wp-json\/wp\/v2\/posts"}],"about":[{"href":"https:\/\/physik.nawi.at\/index.php\/wp-json\/wp\/v2\/types\/post"}],"author":[{"embeddable":true,"href":"https:\/\/physik.nawi.at\/index.php\/wp-json\/wp\/v2\/users\/65"}],"replies":[{"embeddable":true,"href":"https:\/\/physik.nawi.at\/index.php\/wp-json\/wp\/v2\/comments?post=11261"}],"version-history":[{"count":0,"href":"https:\/\/physik.nawi.at\/index.php\/wp-json\/wp\/v2\/posts\/11261\/revisions"}],"wp:attachment":[{"href":"https:\/\/physik.nawi.at\/index.php\/wp-json\/wp\/v2\/media?parent=11261"}],"wp:term":[{"taxonomy":"category","embeddable":true,"href":"https:\/\/physik.nawi.at\/index.php\/wp-json\/wp\/v2\/categories?post=11261"},{"taxonomy":"post_tag","embeddable":true,"href":"https:\/\/physik.nawi.at\/index.php\/wp-json\/wp\/v2\/tags?post=11261"}],"curies":[{"name":"wp","href":"https:\/\/api.w.org\/{rel}","templated":true}]}}