{"id":10452,"date":"2019-07-22T12:00:52","date_gmt":"2019-07-22T10:00:52","guid":{"rendered":"https:\/\/physik.nawi.at\/?p=10452"},"modified":"2019-07-14T16:24:24","modified_gmt":"2019-07-14T14:24:24","slug":"6th-mpl-autumn-academy","status":"publish","type":"post","link":"https:\/\/physik.nawi.at\/index.php\/6th-mpl-autumn-academy\/","title":{"rendered":"6th MPL Autumn Academy"},"content":{"rendered":"\n<p>Von 7.10 bis 11.10 findet die &#8220;<strong>6th MPL Autumn Academy<\/strong>&#8221; in Hersbruck statt. Empfehlenswert f\u00fcr alle Bechelor- und Masterstudierende.<\/p>\n\n\n\n<p>Neben Tutorials und Fachvortr\u00e4gen f\u00fchrender Experten gibt es auch Kurzvortr\u00e4ge einiger MPL Forschungsgruppenleiter sowie der IMPRS Doktoranden. Abschlie\u00dfend sind auch noch Laborf\u00fchrungen am Max-Planck-Institut geplant. <\/p>\n\n\n\n<p>Weiter Information k\u00f6nnt ihr <a href=\"http:\/\/www.mpl.mpg.de\/study-work-or-visit\/imprs\/news-events\/events\/?L=0#c14022\">hier<\/a> finden. Der Anmeldeschluss ist am 31.7.2019.<br><\/p>\n\n\n\n<figure class=\"wp-block-image\"><img loading=\"lazy\" width=\"728\" height=\"1024\" data-src=\"https:\/\/physik.nawi.at\/wp-content\/uploads\/2019\/07\/MPL_Autumn_Academy_2017-pdf-1-728x1024.jpg\" alt=\"\" class=\"wp-image-10456 lazyload\" data-srcset=\"https:\/\/physik.nawi.at\/wp-content\/uploads\/2019\/07\/MPL_Autumn_Academy_2017-pdf-1-728x1024.jpg 728w, https:\/\/physik.nawi.at\/wp-content\/uploads\/2019\/07\/MPL_Autumn_Academy_2017-pdf-1-213x300.jpg 213w, https:\/\/physik.nawi.at\/wp-content\/uploads\/2019\/07\/MPL_Autumn_Academy_2017-pdf-1-768x1080.jpg 768w, https:\/\/physik.nawi.at\/wp-content\/uploads\/2019\/07\/MPL_Autumn_Academy_2017-pdf-1.jpg 1477w\" data-sizes=\"(max-width: 728px) 100vw, 728px\" src=\"data:image\/gif;base64,R0lGODlhAQABAAAAACH5BAEKAAEALAAAAAABAAEAAAICTAEAOw==\" style=\"--smush-placeholder-width: 728px; --smush-placeholder-aspect-ratio: 728\/1024;\" \/><noscript><img loading=\"lazy\" width=\"728\" height=\"1024\" src=\"https:\/\/physik.nawi.at\/wp-content\/uploads\/2019\/07\/MPL_Autumn_Academy_2017-pdf-1-728x1024.jpg\" alt=\"\" class=\"wp-image-10456\" srcset=\"https:\/\/physik.nawi.at\/wp-content\/uploads\/2019\/07\/MPL_Autumn_Academy_2017-pdf-1-728x1024.jpg 728w, https:\/\/physik.nawi.at\/wp-content\/uploads\/2019\/07\/MPL_Autumn_Academy_2017-pdf-1-213x300.jpg 213w, https:\/\/physik.nawi.at\/wp-content\/uploads\/2019\/07\/MPL_Autumn_Academy_2017-pdf-1-768x1080.jpg 768w, https:\/\/physik.nawi.at\/wp-content\/uploads\/2019\/07\/MPL_Autumn_Academy_2017-pdf-1.jpg 1477w\" sizes=\"(max-width: 728px) 100vw, 728px\" \/><\/noscript><\/figure>\n","protected":false},"excerpt":{"rendered":"<p>Von 7.10 bis 11.10 findet die &#8220;6th MPL Autumn Academy&#8221; in Hersbruck statt. Empfehlenswert f\u00fcr alle Bechelor- und Masterstudierende. Neben Tutorials und Fachvortr\u00e4gen f\u00fchrender Experten gibt es auch Kurzvortr\u00e4ge einiger MPL Forschungsgruppenleiter sowie der IMPRS Doktoranden. Abschlie\u00dfend sind auch noch Laborf\u00fchrungen am Max-Planck-Institut geplant. Weiter Information k\u00f6nnt ihr hier finden. Der Anmeldeschluss ist am 31.7.2019.<\/p>\n","protected":false},"author":65,"featured_media":0,"comment_status":"open","ping_status":"open","sticky":false,"template":"","format":"standard","meta":{"wds_primary_category":0,"_wpscppro_dont_share_socialmedia":false,"_wpscppro_custom_social_share_image":0,"_facebook_share_type":"","_twitter_share_type":"","_linkedin_share_type":"","_pinterest_share_type":"","_linkedin_share_type_page":"","_instagram_share_type":"","_medium_share_type":"","_threads_share_type":"","_google_business_share_type":"","_selected_social_profile":[],"_wpsp_enable_custom_social_template":false,"_wpsp_social_scheduling":{"enabled":false,"datetime":null,"platforms":[],"status":"template_only","dateOption":"today","timeOption":"now","customDays":"","customHours":"","customDate":"","customTime":"","schedulingType":"absolute"},"_wpsp_active_default_template":true},"categories":[20],"tags":[],"_links":{"self":[{"href":"https:\/\/physik.nawi.at\/index.php\/wp-json\/wp\/v2\/posts\/10452"}],"collection":[{"href":"https:\/\/physik.nawi.at\/index.php\/wp-json\/wp\/v2\/posts"}],"about":[{"href":"https:\/\/physik.nawi.at\/index.php\/wp-json\/wp\/v2\/types\/post"}],"author":[{"embeddable":true,"href":"https:\/\/physik.nawi.at\/index.php\/wp-json\/wp\/v2\/users\/65"}],"replies":[{"embeddable":true,"href":"https:\/\/physik.nawi.at\/index.php\/wp-json\/wp\/v2\/comments?post=10452"}],"version-history":[{"count":0,"href":"https:\/\/physik.nawi.at\/index.php\/wp-json\/wp\/v2\/posts\/10452\/revisions"}],"wp:attachment":[{"href":"https:\/\/physik.nawi.at\/index.php\/wp-json\/wp\/v2\/media?parent=10452"}],"wp:term":[{"taxonomy":"category","embeddable":true,"href":"https:\/\/physik.nawi.at\/index.php\/wp-json\/wp\/v2\/categories?post=10452"},{"taxonomy":"post_tag","embeddable":true,"href":"https:\/\/physik.nawi.at\/index.php\/wp-json\/wp\/v2\/tags?post=10452"}],"curies":[{"name":"wp","href":"https:\/\/api.w.org\/{rel}","templated":true}]}}